{"id":3251,"date":"2023-03-24T18:09:55","date_gmt":"2023-03-24T17:09:55","guid":{"rendered":"https:\/\/agora.xtec.cat\/ceipfmacia-orrius\/?p=3251"},"modified":"2023-04-04T12:37:58","modified_gmt":"2023-04-04T10:37:58","slug":"protagonista-de-la-setmana-el-sauc","status":"publish","type":"post","link":"https:\/\/agora.xtec.cat\/ceipfmacia-orrius\/infantil\/maons\/protagonista-de-la-setmana-el-sauc\/","title":{"rendered":"Protagonista de la setmana: El Sa\u00fcc!"},"content":{"rendered":"<p>En Sa\u00fcc (I3) ha estat el nostre protagonista aquesta setmana! Ens ha portat la seva caixa dels tresors i ha compartit amb nosaltres les coses del seu rac\u00f3! Aquesta tarda els seus pares, la B\u00e0rbara i el Mar\u00e7al, ens han acompanyat per passar la tarda amb nosaltres i explicar-nos moltes coeses del nostre amic! Tamb\u00e9 ens han preparat una activitat molt maca que li agrada molt al Sa\u00fcc! Hem pintat insectes,ocells i despr\u00e9s els hem enganxat en una agulla d&#8217;estendre i.. a volar!! Ens ha agradat molt fer aquesta activitat relacionada amb la Primavera i ens ho hem passat molt b\u00e9! Moltes gr\u00e0cies pares i Sa\u00fcc ens ha encantat!<br \/>\n<a href=\"https:\/\/drive.google.com\/drive\/folders\/1ES-KCZS3GB2Jxfci_Eeys0XzGRzedspe?usp=sharing\">Aqu\u00ed<\/a> teniu les fotos!<\/p>\n","protected":false},"excerpt":{"rendered":"<p>En Sa\u00fcc (I3) ha estat el nostre protagonista aquesta setmana! Ens ha portat la seva caixa dels tresors i ha compartit amb nosaltres les coses del seu rac\u00f3! Aquesta tarda els seus pares, la B\u00e0rbara i el Mar\u00e7al, ens han acompanyat per passar la tarda&hellip;  <a href=\"https:\/\/agora.xtec.cat\/ceipfmacia-orrius\/infantil\/maons\/protagonista-de-la-setmana-el-sauc\/\" title=\"Read Protagonista de la setmana: El Sa\u00fcc!\">Llegeix m\u00e9s\u00bb<\/a><\/p>\n","protected":false},"author":17,"featured_media":3253,"comment_status":"open","ping_status":"closed","sticky":false,"template":"","format":"standard","meta":{"_bbp_topic_count":0,"_bbp_reply_count":0,"_bbp_total_topic_count":0,"_bbp_total_reply_count":0,"_bbp_voice_count":0,"_bbp_anonymous_reply_count":0,"_bbp_topic_count_hidden":0,"_bbp_reply_count_hidden":0,"_bbp_forum_subforum_count":0,"footnotes":""},"categories":[3],"tags":[],"class_list":["post-3251","post","type-post","status-publish","format-standard","has-post-thumbnail","hentry","category-maons"],"post_mailing_queue_ids":[],"_links":{"self":[{"href":"https:\/\/agora.xtec.cat\/ceipfmacia-orrius\/wp-json\/wp\/v2\/posts\/3251","targetHints":{"allow":["GET"]}}],"collection":[{"href":"https:\/\/agora.xtec.cat\/ceipfmacia-orrius\/wp-json\/wp\/v2\/posts"}],"about":[{"href":"https:\/\/agora.xtec.cat\/ceipfmacia-orrius\/wp-json\/wp\/v2\/types\/post"}],"author":[{"embeddable":true,"href":"https:\/\/agora.xtec.cat\/ceipfmacia-orrius\/wp-json\/wp\/v2\/users\/17"}],"replies":[{"embeddable":true,"href":"https:\/\/agora.xtec.cat\/ceipfmacia-orrius\/wp-json\/wp\/v2\/comments?post=3251"}],"version-history":[{"count":3,"href":"https:\/\/agora.xtec.cat\/ceipfmacia-orrius\/wp-json\/wp\/v2\/posts\/3251\/revisions"}],"predecessor-version":[{"id":3257,"href":"https:\/\/agora.xtec.cat\/ceipfmacia-orrius\/wp-json\/wp\/v2\/posts\/3251\/revisions\/3257"}],"wp:featuredmedia":[{"embeddable":true,"href":"https:\/\/agora.xtec.cat\/ceipfmacia-orrius\/wp-json\/wp\/v2\/media\/3253"}],"wp:attachment":[{"href":"https:\/\/agora.xtec.cat\/ceipfmacia-orrius\/wp-json\/wp\/v2\/media?parent=3251"}],"wp:term":[{"taxonomy":"category","embeddable":true,"href":"https:\/\/agora.xtec.cat\/ceipfmacia-orrius\/wp-json\/wp\/v2\/categories?post=3251"},{"taxonomy":"post_tag","embeddable":true,"href":"https:\/\/agora.xtec.cat\/ceipfmacia-orrius\/wp-json\/wp\/v2\/tags?post=3251"}],"curies":[{"name":"wp","href":"https:\/\/api.w.org\/{rel}","templated":true}]}}