{"id":3245,"date":"2023-03-24T17:43:58","date_gmt":"2023-03-24T16:43:58","guid":{"rendered":"https:\/\/agora.xtec.cat\/ceipfmacia-orrius\/?p=3245"},"modified":"2023-06-19T10:25:32","modified_gmt":"2023-06-19T08:25:32","slug":"protagonista-de-la-setmana-la-greta","status":"publish","type":"post","link":"https:\/\/agora.xtec.cat\/ceipfmacia-orrius\/infantil\/aquatics-infantil\/protagonista-de-la-setmana-la-greta\/","title":{"rendered":"Protagonista de la setmana: la Greta!"},"content":{"rendered":"<p>Aquest divendres hem conegut de primera m\u00e0 la feina de la mare de la Greta, que \u00e9s restauradora. La Nath ens ha proposat restaurar les pintures de la rampa del m\u00f2dul d\u2019infantil, que s\u2019havien malm\u00e8s amb el pas del temps. Ens ha semblat una idea genial i de seguida ens hem posat a treballar. Ens ho hem passat pipa pintant i les pintures han recuperat el color que havien perdut amb el pas del temps: objectiu aconseguit!<\/p>\n<p><a href=\"https:\/\/drive.google.com\/drive\/folders\/1avEBAMg3ACq82mmjRew-0XhK9h_TL7VS?usp=sharing\">Fotos<\/a><\/p>\n","protected":false},"excerpt":{"rendered":"<p>Aquest divendres hem conegut de primera m\u00e0 la feina de la mare de la Greta, que \u00e9s restauradora. La Nath ens ha proposat restaurar les pintures de la rampa del m\u00f2dul d\u2019infantil, que s\u2019havien malm\u00e8s amb el pas del temps. Ens ha semblat una idea&hellip;  <a href=\"https:\/\/agora.xtec.cat\/ceipfmacia-orrius\/infantil\/aquatics-infantil\/protagonista-de-la-setmana-la-greta\/\" title=\"Read Protagonista de la setmana: la Greta!\">Llegeix m\u00e9s\u00bb<\/a><\/p>\n","protected":false},"author":17,"featured_media":3247,"comment_status":"open","ping_status":"closed","sticky":false,"template":"","format":"standard","meta":{"_bbp_topic_count":0,"_bbp_reply_count":0,"_bbp_total_topic_count":0,"_bbp_total_reply_count":0,"_bbp_voice_count":0,"_bbp_anonymous_reply_count":0,"_bbp_topic_count_hidden":0,"_bbp_reply_count_hidden":0,"_bbp_forum_subforum_count":0,"footnotes":""},"categories":[8],"tags":[],"class_list":["post-3245","post","type-post","status-publish","format-standard","has-post-thumbnail","hentry","category-aquatics-infantil"],"post_mailing_queue_ids":[],"_links":{"self":[{"href":"https:\/\/agora.xtec.cat\/ceipfmacia-orrius\/wp-json\/wp\/v2\/posts\/3245","targetHints":{"allow":["GET"]}}],"collection":[{"href":"https:\/\/agora.xtec.cat\/ceipfmacia-orrius\/wp-json\/wp\/v2\/posts"}],"about":[{"href":"https:\/\/agora.xtec.cat\/ceipfmacia-orrius\/wp-json\/wp\/v2\/types\/post"}],"author":[{"embeddable":true,"href":"https:\/\/agora.xtec.cat\/ceipfmacia-orrius\/wp-json\/wp\/v2\/users\/17"}],"replies":[{"embeddable":true,"href":"https:\/\/agora.xtec.cat\/ceipfmacia-orrius\/wp-json\/wp\/v2\/comments?post=3245"}],"version-history":[{"count":3,"href":"https:\/\/agora.xtec.cat\/ceipfmacia-orrius\/wp-json\/wp\/v2\/posts\/3245\/revisions"}],"predecessor-version":[{"id":3382,"href":"https:\/\/agora.xtec.cat\/ceipfmacia-orrius\/wp-json\/wp\/v2\/posts\/3245\/revisions\/3382"}],"wp:featuredmedia":[{"embeddable":true,"href":"https:\/\/agora.xtec.cat\/ceipfmacia-orrius\/wp-json\/wp\/v2\/media\/3247"}],"wp:attachment":[{"href":"https:\/\/agora.xtec.cat\/ceipfmacia-orrius\/wp-json\/wp\/v2\/media?parent=3245"}],"wp:term":[{"taxonomy":"category","embeddable":true,"href":"https:\/\/agora.xtec.cat\/ceipfmacia-orrius\/wp-json\/wp\/v2\/categories?post=3245"},{"taxonomy":"post_tag","embeddable":true,"href":"https:\/\/agora.xtec.cat\/ceipfmacia-orrius\/wp-json\/wp\/v2\/tags?post=3245"}],"curies":[{"name":"wp","href":"https:\/\/api.w.org\/{rel}","templated":true}]}}