{"id":3231,"date":"2023-03-17T18:21:15","date_gmt":"2023-03-17T17:21:15","guid":{"rendered":"https:\/\/agora.xtec.cat\/ceipfmacia-orrius\/?p=3231"},"modified":"2023-04-04T11:38:20","modified_gmt":"2023-04-04T09:38:20","slug":"protagonista-de-la-setmana-lalvaro","status":"publish","type":"post","link":"https:\/\/agora.xtec.cat\/ceipfmacia-orrius\/infantil\/maons\/protagonista-de-la-setmana-lalvaro\/","title":{"rendered":"Protagonista de la setmana: l&#8217;\u00c1lvaro"},"content":{"rendered":"<p>Aquesta setmana el nostre protagonista ha estat l&#8217;\u00c1lvaro (I5)! L&#8217;\u00c1lvaro ha compartit amb nosaltres els seu rac\u00f3 i ens ha parlat dels objectes que ha portat! Avui els seus pares, l&#8217;Ana\u00efs i el D\u00eddac, ens han acompanyat per explicar-nos coses relacionades amb la seva feina. El pare de l&#8217;\u00c1lvaro, el D\u00eddac, ens ha ensenyat a muntar un gran plaf\u00f3 el\u00e9ctric per a maquin\u00e0ria i ens ha ensenyat totes les eines que fa servir per fer aquesta feina! Ens ha encantat i nosaltres tamb\u00e9 l&#8217;hem pogut ajudar!La mare de l&#8217;\u00c1lvaro, l&#8217;Ana\u00efs ens ha preparat una sessi\u00f3 de psico amb m\u00fasica a partir d&#8217;un gran piano de terra i llumns negres! Tamb\u00e9 ens hem pogut pintar la cara amb pintures fluorescents i ens ho hem pasat d&#8217;all\u00f2 m\u00e9s b\u00e9! Moltes gr\u00e0cies pares i \u00c1lvaro, ha estat genial i hem apr\u00e8s moltes coses sobre les vostres feines! Que b\u00e9 que ho feu!<br \/>\n<a href=\"https:\/\/drive.google.com\/drive\/folders\/1GpoNxD9xXPKjQhzu6VJtd4ysxolveRMi?usp=sharing\">Aqu\u00ed<\/a> teniu les fotos!<\/p>\n","protected":false},"excerpt":{"rendered":"<p>Aquesta setmana el nostre protagonista ha estat l&#8217;\u00c1lvaro (I5)! L&#8217;\u00c1lvaro ha compartit amb nosaltres els seu rac\u00f3 i ens ha parlat dels objectes que ha portat! Avui els seus pares, l&#8217;Ana\u00efs i el D\u00eddac, ens han acompanyat per explicar-nos coses relacionades amb la seva feina.&hellip;  <a href=\"https:\/\/agora.xtec.cat\/ceipfmacia-orrius\/infantil\/maons\/protagonista-de-la-setmana-lalvaro\/\" title=\"Read Protagonista de la setmana: l&#8217;\u00c1lvaro\">Llegeix m\u00e9s\u00bb<\/a><\/p>\n","protected":false},"author":17,"featured_media":3239,"comment_status":"open","ping_status":"closed","sticky":false,"template":"","format":"standard","meta":{"_bbp_topic_count":0,"_bbp_reply_count":0,"_bbp_total_topic_count":0,"_bbp_total_reply_count":0,"_bbp_voice_count":0,"_bbp_anonymous_reply_count":0,"_bbp_topic_count_hidden":0,"_bbp_reply_count_hidden":0,"_bbp_forum_subforum_count":0,"footnotes":""},"categories":[3],"tags":[],"class_list":["post-3231","post","type-post","status-publish","format-standard","has-post-thumbnail","hentry","category-maons"],"post_mailing_queue_ids":[],"_links":{"self":[{"href":"https:\/\/agora.xtec.cat\/ceipfmacia-orrius\/wp-json\/wp\/v2\/posts\/3231","targetHints":{"allow":["GET"]}}],"collection":[{"href":"https:\/\/agora.xtec.cat\/ceipfmacia-orrius\/wp-json\/wp\/v2\/posts"}],"about":[{"href":"https:\/\/agora.xtec.cat\/ceipfmacia-orrius\/wp-json\/wp\/v2\/types\/post"}],"author":[{"embeddable":true,"href":"https:\/\/agora.xtec.cat\/ceipfmacia-orrius\/wp-json\/wp\/v2\/users\/17"}],"replies":[{"embeddable":true,"href":"https:\/\/agora.xtec.cat\/ceipfmacia-orrius\/wp-json\/wp\/v2\/comments?post=3231"}],"version-history":[{"count":4,"href":"https:\/\/agora.xtec.cat\/ceipfmacia-orrius\/wp-json\/wp\/v2\/posts\/3231\/revisions"}],"predecessor-version":[{"id":3241,"href":"https:\/\/agora.xtec.cat\/ceipfmacia-orrius\/wp-json\/wp\/v2\/posts\/3231\/revisions\/3241"}],"wp:featuredmedia":[{"embeddable":true,"href":"https:\/\/agora.xtec.cat\/ceipfmacia-orrius\/wp-json\/wp\/v2\/media\/3239"}],"wp:attachment":[{"href":"https:\/\/agora.xtec.cat\/ceipfmacia-orrius\/wp-json\/wp\/v2\/media?parent=3231"}],"wp:term":[{"taxonomy":"category","embeddable":true,"href":"https:\/\/agora.xtec.cat\/ceipfmacia-orrius\/wp-json\/wp\/v2\/categories?post=3231"},{"taxonomy":"post_tag","embeddable":true,"href":"https:\/\/agora.xtec.cat\/ceipfmacia-orrius\/wp-json\/wp\/v2\/tags?post=3231"}],"curies":[{"name":"wp","href":"https:\/\/api.w.org\/{rel}","templated":true}]}}