{"id":3228,"date":"2023-03-10T17:09:36","date_gmt":"2023-03-10T16:09:36","guid":{"rendered":"https:\/\/agora.xtec.cat\/ceipfmacia-orrius\/?p=3228"},"modified":"2023-06-19T10:34:10","modified_gmt":"2023-06-19T08:34:10","slug":"protagonista-de-la-setmana-el-roger","status":"publish","type":"post","link":"https:\/\/agora.xtec.cat\/ceipfmacia-orrius\/infantil\/aquatics-infantil\/protagonista-de-la-setmana-el-roger\/","title":{"rendered":"Protagonista de la setmana: El Roger!"},"content":{"rendered":"<p>Aquest divendres hem fet de cuiners. En Roger, conjuntament amb els seus pares, ens han proposat fer broquetes de pl\u00e0tan. Hem punxat el pl\u00e0tan amb una broqueta i despr\u00e9s li hem anat posant coses segons el gust de cadasc\u00fa: xocolata, coco, ametlla m\u00f2lta, virutes de colors&#8230; Nyaaammm! Que bones que estaven! Ens ha quedat la cara plena de xocolata, quina fila que f\u00e8iem!<\/p>\n<p><a href=\"https:\/\/drive.google.com\/drive\/folders\/16vtx9aNgiEA_0jjcXup5YL3e_HJrLSn9?usp=sharing\">Fotos<\/a><\/p>\n<div class=\"wp-menu-arrow\">\n<div><\/div>\n<\/div>\n<div class=\"wp-menu-name\"><\/div>\n","protected":false},"excerpt":{"rendered":"<p>Aquest divendres hem fet de cuiners. En Roger, conjuntament amb els seus pares, ens han proposat fer broquetes de pl\u00e0tan. Hem punxat el pl\u00e0tan amb una broqueta i despr\u00e9s li hem anat posant coses segons el gust de cadasc\u00fa: xocolata, coco, ametlla m\u00f2lta, virutes de&hellip;  <a href=\"https:\/\/agora.xtec.cat\/ceipfmacia-orrius\/infantil\/aquatics-infantil\/protagonista-de-la-setmana-el-roger\/\" title=\"Read Protagonista de la setmana: El Roger!\">Llegeix m\u00e9s\u00bb<\/a><\/p>\n","protected":false},"author":17,"featured_media":3230,"comment_status":"open","ping_status":"closed","sticky":false,"template":"","format":"standard","meta":{"_bbp_topic_count":0,"_bbp_reply_count":0,"_bbp_total_topic_count":0,"_bbp_total_reply_count":0,"_bbp_voice_count":0,"_bbp_anonymous_reply_count":0,"_bbp_topic_count_hidden":0,"_bbp_reply_count_hidden":0,"_bbp_forum_subforum_count":0,"footnotes":""},"categories":[8],"tags":[],"class_list":["post-3228","post","type-post","status-publish","format-standard","has-post-thumbnail","hentry","category-aquatics-infantil"],"post_mailing_queue_ids":[],"_links":{"self":[{"href":"https:\/\/agora.xtec.cat\/ceipfmacia-orrius\/wp-json\/wp\/v2\/posts\/3228","targetHints":{"allow":["GET"]}}],"collection":[{"href":"https:\/\/agora.xtec.cat\/ceipfmacia-orrius\/wp-json\/wp\/v2\/posts"}],"about":[{"href":"https:\/\/agora.xtec.cat\/ceipfmacia-orrius\/wp-json\/wp\/v2\/types\/post"}],"author":[{"embeddable":true,"href":"https:\/\/agora.xtec.cat\/ceipfmacia-orrius\/wp-json\/wp\/v2\/users\/17"}],"replies":[{"embeddable":true,"href":"https:\/\/agora.xtec.cat\/ceipfmacia-orrius\/wp-json\/wp\/v2\/comments?post=3228"}],"version-history":[{"count":3,"href":"https:\/\/agora.xtec.cat\/ceipfmacia-orrius\/wp-json\/wp\/v2\/posts\/3228\/revisions"}],"predecessor-version":[{"id":3385,"href":"https:\/\/agora.xtec.cat\/ceipfmacia-orrius\/wp-json\/wp\/v2\/posts\/3228\/revisions\/3385"}],"wp:featuredmedia":[{"embeddable":true,"href":"https:\/\/agora.xtec.cat\/ceipfmacia-orrius\/wp-json\/wp\/v2\/media\/3230"}],"wp:attachment":[{"href":"https:\/\/agora.xtec.cat\/ceipfmacia-orrius\/wp-json\/wp\/v2\/media?parent=3228"}],"wp:term":[{"taxonomy":"category","embeddable":true,"href":"https:\/\/agora.xtec.cat\/ceipfmacia-orrius\/wp-json\/wp\/v2\/categories?post=3228"},{"taxonomy":"post_tag","embeddable":true,"href":"https:\/\/agora.xtec.cat\/ceipfmacia-orrius\/wp-json\/wp\/v2\/tags?post=3228"}],"curies":[{"name":"wp","href":"https:\/\/api.w.org\/{rel}","templated":true}]}}