{"id":3224,"date":"2023-03-10T18:55:46","date_gmt":"2023-03-10T17:55:46","guid":{"rendered":"https:\/\/agora.xtec.cat\/ceipfmacia-orrius\/?p=3224"},"modified":"2023-06-19T10:28:25","modified_gmt":"2023-06-19T08:28:25","slug":"protagonista-de-la-setmana-lot","status":"publish","type":"post","link":"https:\/\/agora.xtec.cat\/ceipfmacia-orrius\/infantil\/maons\/protagonista-de-la-setmana-lot\/","title":{"rendered":"Protagonista de la setmana: l&#8217;Ot!"},"content":{"rendered":"<p>Aquesta setmana l&#8217;Ot(I3) ha estat el nostre protagonista! L&#8217;Ot ens ha portat la seva caixa dels tresors plena de totes les coses que m\u00e9s li agraden! Avui divendres els seus pares,la M.\u00c0ngels i l&#8217;Albert ha nvingut a l&#8217;escola per estar una estona amb nosaltres! Ens han explicat moltes coses de l&#8217;Ot i tamb\u00e9 ens han portat insectes i unes pells de serp gegants que ens han encantat! I \u00e9s que a l&#8217;Ot li agrada molt observar i explorar la natura! Despr\u00e9s els pares de l&#8217;Ot ens han proposat fer un gran mural de primavera per la classe i tamb\u00e9 el mateix dibuix per penjar per a cadasc\u00fa de nosaltres! Han quedat molt bonics i ens ha encantat fer-ho tot! Moltes gr\u00e0cies pares i Ot, ens ho hem passat molt b\u00e9 observant tot el que ens heu portat i preparant la vinguda de la Primavera!<br \/>\n<a href=\"https:\/\/drive.google.com\/drive\/folders\/1_11AC5KzFlOBZFeWgDZaJfRh02UzAT0R?usp=sharing\">Aqu\u00ed teniu les fotos!<\/a><\/p>\n","protected":false},"excerpt":{"rendered":"<p>Aquesta setmana l&#8217;Ot(I3) ha estat el nostre protagonista! L&#8217;Ot ens ha portat la seva caixa dels tresors plena de totes les coses que m\u00e9s li agraden! Avui divendres els seus pares,la M.\u00c0ngels i l&#8217;Albert ha nvingut a l&#8217;escola per estar una estona amb nosaltres! Ens&hellip;  <a href=\"https:\/\/agora.xtec.cat\/ceipfmacia-orrius\/infantil\/maons\/protagonista-de-la-setmana-lot\/\" title=\"Read Protagonista de la setmana: l&#8217;Ot!\">Llegeix m\u00e9s\u00bb<\/a><\/p>\n","protected":false},"author":17,"featured_media":3225,"comment_status":"open","ping_status":"closed","sticky":false,"template":"","format":"standard","meta":{"_bbp_topic_count":0,"_bbp_reply_count":0,"_bbp_total_topic_count":0,"_bbp_total_reply_count":0,"_bbp_voice_count":0,"_bbp_anonymous_reply_count":0,"_bbp_topic_count_hidden":0,"_bbp_reply_count_hidden":0,"_bbp_forum_subforum_count":0,"footnotes":""},"categories":[3],"tags":[],"class_list":["post-3224","post","type-post","status-publish","format-standard","has-post-thumbnail","hentry","category-maons"],"post_mailing_queue_ids":[],"_links":{"self":[{"href":"https:\/\/agora.xtec.cat\/ceipfmacia-orrius\/wp-json\/wp\/v2\/posts\/3224","targetHints":{"allow":["GET"]}}],"collection":[{"href":"https:\/\/agora.xtec.cat\/ceipfmacia-orrius\/wp-json\/wp\/v2\/posts"}],"about":[{"href":"https:\/\/agora.xtec.cat\/ceipfmacia-orrius\/wp-json\/wp\/v2\/types\/post"}],"author":[{"embeddable":true,"href":"https:\/\/agora.xtec.cat\/ceipfmacia-orrius\/wp-json\/wp\/v2\/users\/17"}],"replies":[{"embeddable":true,"href":"https:\/\/agora.xtec.cat\/ceipfmacia-orrius\/wp-json\/wp\/v2\/comments?post=3224"}],"version-history":[{"count":3,"href":"https:\/\/agora.xtec.cat\/ceipfmacia-orrius\/wp-json\/wp\/v2\/posts\/3224\/revisions"}],"predecessor-version":[{"id":3383,"href":"https:\/\/agora.xtec.cat\/ceipfmacia-orrius\/wp-json\/wp\/v2\/posts\/3224\/revisions\/3383"}],"wp:featuredmedia":[{"embeddable":true,"href":"https:\/\/agora.xtec.cat\/ceipfmacia-orrius\/wp-json\/wp\/v2\/media\/3225"}],"wp:attachment":[{"href":"https:\/\/agora.xtec.cat\/ceipfmacia-orrius\/wp-json\/wp\/v2\/media?parent=3224"}],"wp:term":[{"taxonomy":"category","embeddable":true,"href":"https:\/\/agora.xtec.cat\/ceipfmacia-orrius\/wp-json\/wp\/v2\/categories?post=3224"},{"taxonomy":"post_tag","embeddable":true,"href":"https:\/\/agora.xtec.cat\/ceipfmacia-orrius\/wp-json\/wp\/v2\/tags?post=3224"}],"curies":[{"name":"wp","href":"https:\/\/api.w.org\/{rel}","templated":true}]}}