{"id":3214,"date":"2023-03-03T17:17:59","date_gmt":"2023-03-03T16:17:59","guid":{"rendered":"https:\/\/agora.xtec.cat\/ceipfmacia-orrius\/?p=3214"},"modified":"2023-06-19T10:44:50","modified_gmt":"2023-06-19T08:44:50","slug":"protagonista-de-la-setmana-el-david","status":"publish","type":"post","link":"https:\/\/agora.xtec.cat\/ceipfmacia-orrius\/infantil\/maons\/protagonista-de-la-setmana-el-david\/","title":{"rendered":"Protagonista de la setmana: El David!"},"content":{"rendered":"<p>Aquesta setmana el nostre Protagonista ha estat el David (I3)! El David ens ha portat la seva caixa dels tresors i ha compartit amb nosaltres el seu rac\u00f3! Avui divendres els seus pares, l&#8217;Ana\u00efs i el D\u00eddac, han vingut a l&#8217;escola per passar la tarda amb nosaltres i explicar-nos moltes coses del nostre amic! Tamb\u00e9 ens han preparat unes activitats molt boniques relacionades amb el projecte de l&#8217;Univers: hem fet una bonica nebulosa a dintre d&#8217;una ampolla, hem constru\u00eft un minim\u00f3n de la Lluna amb la tuff que ens han portat i tamb\u00e9 altres minimons amb la plastilina de l&#8217;espai i els objectes petits! Ens ho hem passat molt b\u00e9 i hem apr\u00e8s molt! Moltes gr\u00e0cies pares i David!<br \/>\n<a href=\"https:\/\/drive.google.com\/drive\/folders\/1MFS4M9PTc3JcAD5inr5Nqvjh2X3XKVCc?usp=sharing\">Aqu\u00ed teniu les fotos!<\/a><\/p>\n","protected":false},"excerpt":{"rendered":"<p>Aquesta setmana el nostre Protagonista ha estat el David (I3)! El David ens ha portat la seva caixa dels tresors i ha compartit amb nosaltres el seu rac\u00f3! Avui divendres els seus pares, l&#8217;Ana\u00efs i el D\u00eddac, han vingut a l&#8217;escola per passar la tarda&hellip;  <a href=\"https:\/\/agora.xtec.cat\/ceipfmacia-orrius\/infantil\/maons\/protagonista-de-la-setmana-el-david\/\" title=\"Read Protagonista de la setmana: El David!\">Llegeix m\u00e9s\u00bb<\/a><\/p>\n","protected":false},"author":17,"featured_media":3216,"comment_status":"open","ping_status":"closed","sticky":false,"template":"","format":"standard","meta":{"_bbp_topic_count":0,"_bbp_reply_count":0,"_bbp_total_topic_count":0,"_bbp_total_reply_count":0,"_bbp_voice_count":0,"_bbp_anonymous_reply_count":0,"_bbp_topic_count_hidden":0,"_bbp_reply_count_hidden":0,"_bbp_forum_subforum_count":0,"footnotes":""},"categories":[3],"tags":[],"class_list":["post-3214","post","type-post","status-publish","format-standard","has-post-thumbnail","hentry","category-maons"],"post_mailing_queue_ids":[],"_links":{"self":[{"href":"https:\/\/agora.xtec.cat\/ceipfmacia-orrius\/wp-json\/wp\/v2\/posts\/3214","targetHints":{"allow":["GET"]}}],"collection":[{"href":"https:\/\/agora.xtec.cat\/ceipfmacia-orrius\/wp-json\/wp\/v2\/posts"}],"about":[{"href":"https:\/\/agora.xtec.cat\/ceipfmacia-orrius\/wp-json\/wp\/v2\/types\/post"}],"author":[{"embeddable":true,"href":"https:\/\/agora.xtec.cat\/ceipfmacia-orrius\/wp-json\/wp\/v2\/users\/17"}],"replies":[{"embeddable":true,"href":"https:\/\/agora.xtec.cat\/ceipfmacia-orrius\/wp-json\/wp\/v2\/comments?post=3214"}],"version-history":[{"count":3,"href":"https:\/\/agora.xtec.cat\/ceipfmacia-orrius\/wp-json\/wp\/v2\/posts\/3214\/revisions"}],"predecessor-version":[{"id":3388,"href":"https:\/\/agora.xtec.cat\/ceipfmacia-orrius\/wp-json\/wp\/v2\/posts\/3214\/revisions\/3388"}],"wp:featuredmedia":[{"embeddable":true,"href":"https:\/\/agora.xtec.cat\/ceipfmacia-orrius\/wp-json\/wp\/v2\/media\/3216"}],"wp:attachment":[{"href":"https:\/\/agora.xtec.cat\/ceipfmacia-orrius\/wp-json\/wp\/v2\/media?parent=3214"}],"wp:term":[{"taxonomy":"category","embeddable":true,"href":"https:\/\/agora.xtec.cat\/ceipfmacia-orrius\/wp-json\/wp\/v2\/categories?post=3214"},{"taxonomy":"post_tag","embeddable":true,"href":"https:\/\/agora.xtec.cat\/ceipfmacia-orrius\/wp-json\/wp\/v2\/tags?post=3214"}],"curies":[{"name":"wp","href":"https:\/\/api.w.org\/{rel}","templated":true}]}}