{"id":3194,"date":"2023-03-31T15:40:52","date_gmt":"2023-03-31T13:40:52","guid":{"rendered":"https:\/\/agora.xtec.cat\/ceipfmacia-orrius\/?p=3194"},"modified":"2023-03-31T15:42:11","modified_gmt":"2023-03-31T13:42:11","slug":"adeu-vella-quaresma","status":"publish","type":"post","link":"https:\/\/agora.xtec.cat\/ceipfmacia-orrius\/general\/adeu-vella-quaresma\/","title":{"rendered":"Ad\u00e9u Vella Quaresma"},"content":{"rendered":"<p>Avui divendres 31 hem tallat l&#8217;\u00faltima cama a la nostra Vella Quarema. L&#8217;hem acomidat amb la seva can\u00e7\u00f3, acompanyada pels alumnes de la classe dels Stranger Things tocant diversos instruments. A m\u00e9s a m\u00e9s, recordem que\u00a0 al llarg de les setmanes hem anat assolint els reptes que ens ha proposat i avui com a cloenda ens ha fet buscar per tot el pati uns ous de pascua que ens endolciran les vacances.<\/p>\n<p><a href=\"https:\/\/drive.google.com\/drive\/folders\/1XrsW8lZ_s51yhfHIUgSPVsb3MCkmC4KK?usp=share_link\">Mireu que divertit ha estat.<\/a><\/p>\n","protected":false},"excerpt":{"rendered":"<p>Avui divendres 31 hem tallat l&#8217;\u00faltima cama a la nostra Vella Quarema. L&#8217;hem acomidat amb la seva can\u00e7\u00f3, acompanyada pels alumnes de la classe dels Stranger Things tocant diversos instruments. A m\u00e9s a m\u00e9s, recordem que\u00a0 al llarg de les setmanes hem anat assolint els&hellip;  <a href=\"https:\/\/agora.xtec.cat\/ceipfmacia-orrius\/general\/adeu-vella-quaresma\/\" title=\"Read Ad\u00e9u Vella Quaresma\">Llegeix m\u00e9s\u00bb<\/a><\/p>\n","protected":false},"author":1,"featured_media":3195,"comment_status":"open","ping_status":"closed","sticky":false,"template":"","format":"standard","meta":{"_bbp_topic_count":0,"_bbp_reply_count":0,"_bbp_total_topic_count":0,"_bbp_total_reply_count":0,"_bbp_voice_count":0,"_bbp_anonymous_reply_count":0,"_bbp_topic_count_hidden":0,"_bbp_reply_count_hidden":0,"_bbp_forum_subforum_count":0,"footnotes":""},"categories":[1,4],"tags":[],"class_list":["post-3194","post","type-post","status-publish","format-standard","has-post-thumbnail","hentry","category-general","category-portada"],"post_mailing_queue_ids":[],"_links":{"self":[{"href":"https:\/\/agora.xtec.cat\/ceipfmacia-orrius\/wp-json\/wp\/v2\/posts\/3194","targetHints":{"allow":["GET"]}}],"collection":[{"href":"https:\/\/agora.xtec.cat\/ceipfmacia-orrius\/wp-json\/wp\/v2\/posts"}],"about":[{"href":"https:\/\/agora.xtec.cat\/ceipfmacia-orrius\/wp-json\/wp\/v2\/types\/post"}],"author":[{"embeddable":true,"href":"https:\/\/agora.xtec.cat\/ceipfmacia-orrius\/wp-json\/wp\/v2\/users\/1"}],"replies":[{"embeddable":true,"href":"https:\/\/agora.xtec.cat\/ceipfmacia-orrius\/wp-json\/wp\/v2\/comments?post=3194"}],"version-history":[{"count":2,"href":"https:\/\/agora.xtec.cat\/ceipfmacia-orrius\/wp-json\/wp\/v2\/posts\/3194\/revisions"}],"predecessor-version":[{"id":3197,"href":"https:\/\/agora.xtec.cat\/ceipfmacia-orrius\/wp-json\/wp\/v2\/posts\/3194\/revisions\/3197"}],"wp:featuredmedia":[{"embeddable":true,"href":"https:\/\/agora.xtec.cat\/ceipfmacia-orrius\/wp-json\/wp\/v2\/media\/3195"}],"wp:attachment":[{"href":"https:\/\/agora.xtec.cat\/ceipfmacia-orrius\/wp-json\/wp\/v2\/media?parent=3194"}],"wp:term":[{"taxonomy":"category","embeddable":true,"href":"https:\/\/agora.xtec.cat\/ceipfmacia-orrius\/wp-json\/wp\/v2\/categories?post=3194"},{"taxonomy":"post_tag","embeddable":true,"href":"https:\/\/agora.xtec.cat\/ceipfmacia-orrius\/wp-json\/wp\/v2\/tags?post=3194"}],"curies":[{"name":"wp","href":"https:\/\/api.w.org\/{rel}","templated":true}]}}