{"id":3180,"date":"2023-03-28T15:10:20","date_gmt":"2023-03-28T13:10:20","guid":{"rendered":"https:\/\/agora.xtec.cat\/ceipfmacia-orrius\/?p=3180"},"modified":"2023-03-28T15:18:41","modified_gmt":"2023-03-28T13:18:41","slug":"assembles-a-laire-lliure","status":"publish","type":"post","link":"https:\/\/agora.xtec.cat\/ceipfmacia-orrius\/general\/assembles-a-laire-lliure\/","title":{"rendered":"Assemblees a l&#8217;aire lliure"},"content":{"rendered":"<p>El passat divendres 24 de mar\u00e7 vam tornar a gaudir de les assemblees a les grades del pati.<\/p>\n<p>Els temes que es duen a terme a les assemblees sorgeixen de les inquietuds que recullen els delegats de cada aula de prim\u00e0ria. Aquestes inquietuds i propostes es traspassen en reuni\u00f3 amb l&#8217;Equip Directiu i\u00a0 el dia d&#8217;Assamblea es fa el retorn de les decissions i acords presosa la resta dels grups-classe.<\/p>\n<p>Alguns dels temes d&#8217;aquesta assamblea ha estat recordar com es reparteixen els espais a les estones de joc al pati, la demanda de fer un canvi de can\u00e7\u00f3 quan es canta la Vella quaresma o la presentaci\u00f3 dels jocs de pati que han creat a la classe d&#8217;Art els alumnes de CS i que s\u00f3n pel gaudi de tota l&#8217;escola.<\/p>\n<p><a href=\"https:\/\/drive.google.com\/file\/d\/1YeVOxzZXmwf7eae7I9NoOroRK770sXTl\/view?usp=share_link\">Mireu algunes de les imatges!<\/a><\/p>\n","protected":false},"excerpt":{"rendered":"<p>El passat divendres 24 de mar\u00e7 vam tornar a gaudir de les assemblees a les grades del pati.<br \/>\nEls temes que es duen a terme a les assemblees sorgeixen de les inquietuds que recullen els delegats de cada aula de prim\u00e0ria. Aquestes inquietuds i propostes es&hellip;  <a href=\"https:\/\/agora.xtec.cat\/ceipfmacia-orrius\/general\/assembles-a-laire-lliure\/\" title=\"Read Assemblees a l&#8217;aire lliure\">Llegeix m\u00e9s\u00bb<\/a><\/p>\n","protected":false},"author":1,"featured_media":3189,"comment_status":"closed","ping_status":"closed","sticky":false,"template":"","format":"standard","meta":{"_bbp_topic_count":0,"_bbp_reply_count":0,"_bbp_total_topic_count":0,"_bbp_total_reply_count":0,"_bbp_voice_count":0,"_bbp_anonymous_reply_count":0,"_bbp_topic_count_hidden":0,"_bbp_reply_count_hidden":0,"_bbp_forum_subforum_count":0,"footnotes":""},"categories":[1,4],"tags":[],"class_list":["post-3180","post","type-post","status-publish","format-standard","has-post-thumbnail","hentry","category-general","category-portada"],"post_mailing_queue_ids":[],"_links":{"self":[{"href":"https:\/\/agora.xtec.cat\/ceipfmacia-orrius\/wp-json\/wp\/v2\/posts\/3180","targetHints":{"allow":["GET"]}}],"collection":[{"href":"https:\/\/agora.xtec.cat\/ceipfmacia-orrius\/wp-json\/wp\/v2\/posts"}],"about":[{"href":"https:\/\/agora.xtec.cat\/ceipfmacia-orrius\/wp-json\/wp\/v2\/types\/post"}],"author":[{"embeddable":true,"href":"https:\/\/agora.xtec.cat\/ceipfmacia-orrius\/wp-json\/wp\/v2\/users\/1"}],"replies":[{"embeddable":true,"href":"https:\/\/agora.xtec.cat\/ceipfmacia-orrius\/wp-json\/wp\/v2\/comments?post=3180"}],"version-history":[{"count":3,"href":"https:\/\/agora.xtec.cat\/ceipfmacia-orrius\/wp-json\/wp\/v2\/posts\/3180\/revisions"}],"predecessor-version":[{"id":3190,"href":"https:\/\/agora.xtec.cat\/ceipfmacia-orrius\/wp-json\/wp\/v2\/posts\/3180\/revisions\/3190"}],"wp:featuredmedia":[{"embeddable":true,"href":"https:\/\/agora.xtec.cat\/ceipfmacia-orrius\/wp-json\/wp\/v2\/media\/3189"}],"wp:attachment":[{"href":"https:\/\/agora.xtec.cat\/ceipfmacia-orrius\/wp-json\/wp\/v2\/media?parent=3180"}],"wp:term":[{"taxonomy":"category","embeddable":true,"href":"https:\/\/agora.xtec.cat\/ceipfmacia-orrius\/wp-json\/wp\/v2\/categories?post=3180"},{"taxonomy":"post_tag","embeddable":true,"href":"https:\/\/agora.xtec.cat\/ceipfmacia-orrius\/wp-json\/wp\/v2\/tags?post=3180"}],"curies":[{"name":"wp","href":"https:\/\/api.w.org\/{rel}","templated":true}]}}