{"id":3173,"date":"2023-03-15T10:09:58","date_gmt":"2023-03-15T09:09:58","guid":{"rendered":"https:\/\/agora.xtec.cat\/ceipfmacia-orrius\/?p=3173"},"modified":"2023-03-15T10:09:58","modified_gmt":"2023-03-15T09:09:58","slug":"sortida-ci-a-les-coves-del-salnitre-de-collbato","status":"publish","type":"post","link":"https:\/\/agora.xtec.cat\/ceipfmacia-orrius\/portada\/sortida-ci-a-les-coves-del-salnitre-de-collbato\/","title":{"rendered":"Sortida CI a les Coves del Salnitre de Collbat\u00f3"},"content":{"rendered":"<div>El passat 14 de mar\u00e7, la classe de les guineus vam anar d&#8217;excursi\u00f3 a les coves del Salnitre de Collbat\u00f3 en el marc del projecte &#8220;Minerals: podem viure sense ells?&#8221;.<\/div>\n<div><\/div>\n<div>Gr\u00e0cies a aquesta excursi\u00f3\u00a0 hem pogut treballar la hist\u00f2ria i la geologia tot endintsant-nos per les diferents cavitats de les coves m\u00e9s grans de la muntanya de Montserrat.<\/div>\n<div>Fam\u00edlies, cliqueu <a href=\"https:\/\/drive.google.com\/drive\/folders\/1h4BC2heGtYRe5S_mdMOFWrtrdBS_9HhK?usp=share_link\">AQU\u00cd<\/a> i mireu que b\u00e9 que ens ho hem passat!<\/div>\n<div><\/div>\n","protected":false},"excerpt":{"rendered":"<p>El passat 14 de mar\u00e7, la classe de les guineus vam anar d&#8217;excursi\u00f3 a les coves del Salnitre de Collbat\u00f3 en el marc del projecte &#8220;Minerals: podem viure sense ells?&#8221;.<\/p>\n<p>Gr\u00e0cies a aquesta excursi\u00f3\u00a0 hem pogut treballar la hist\u00f2ria i la geologia tot endintsant-nos per les&hellip;  <a href=\"https:\/\/agora.xtec.cat\/ceipfmacia-orrius\/portada\/sortida-ci-a-les-coves-del-salnitre-de-collbato\/\" title=\"Read Sortida CI a les Coves del Salnitre de Collbat\u00f3\">Llegeix m\u00e9s\u00bb<\/a><\/p>\n","protected":false},"author":1,"featured_media":3174,"comment_status":"open","ping_status":"closed","sticky":false,"template":"","format":"standard","meta":{"_bbp_topic_count":0,"_bbp_reply_count":0,"_bbp_total_topic_count":0,"_bbp_total_reply_count":0,"_bbp_voice_count":0,"_bbp_anonymous_reply_count":0,"_bbp_topic_count_hidden":0,"_bbp_reply_count_hidden":0,"_bbp_forum_subforum_count":0,"footnotes":""},"categories":[10,5,4],"tags":[],"class_list":["post-3173","post","type-post","status-publish","format-standard","has-post-thumbnail","hentry","category-anelles-olimpiques","category-ci","category-portada"],"post_mailing_queue_ids":[],"_links":{"self":[{"href":"https:\/\/agora.xtec.cat\/ceipfmacia-orrius\/wp-json\/wp\/v2\/posts\/3173","targetHints":{"allow":["GET"]}}],"collection":[{"href":"https:\/\/agora.xtec.cat\/ceipfmacia-orrius\/wp-json\/wp\/v2\/posts"}],"about":[{"href":"https:\/\/agora.xtec.cat\/ceipfmacia-orrius\/wp-json\/wp\/v2\/types\/post"}],"author":[{"embeddable":true,"href":"https:\/\/agora.xtec.cat\/ceipfmacia-orrius\/wp-json\/wp\/v2\/users\/1"}],"replies":[{"embeddable":true,"href":"https:\/\/agora.xtec.cat\/ceipfmacia-orrius\/wp-json\/wp\/v2\/comments?post=3173"}],"version-history":[{"count":1,"href":"https:\/\/agora.xtec.cat\/ceipfmacia-orrius\/wp-json\/wp\/v2\/posts\/3173\/revisions"}],"predecessor-version":[{"id":3175,"href":"https:\/\/agora.xtec.cat\/ceipfmacia-orrius\/wp-json\/wp\/v2\/posts\/3173\/revisions\/3175"}],"wp:featuredmedia":[{"embeddable":true,"href":"https:\/\/agora.xtec.cat\/ceipfmacia-orrius\/wp-json\/wp\/v2\/media\/3174"}],"wp:attachment":[{"href":"https:\/\/agora.xtec.cat\/ceipfmacia-orrius\/wp-json\/wp\/v2\/media?parent=3173"}],"wp:term":[{"taxonomy":"category","embeddable":true,"href":"https:\/\/agora.xtec.cat\/ceipfmacia-orrius\/wp-json\/wp\/v2\/categories?post=3173"},{"taxonomy":"post_tag","embeddable":true,"href":"https:\/\/agora.xtec.cat\/ceipfmacia-orrius\/wp-json\/wp\/v2\/tags?post=3173"}],"curies":[{"name":"wp","href":"https:\/\/api.w.org\/{rel}","templated":true}]}}