{"id":3165,"date":"2023-03-08T10:15:03","date_gmt":"2023-03-08T09:15:03","guid":{"rendered":"https:\/\/agora.xtec.cat\/ceipfmacia-orrius\/?p=3165"},"modified":"2023-03-08T15:03:07","modified_gmt":"2023-03-08T14:03:07","slug":"8-de-marc-dia-de-la-dona","status":"publish","type":"post","link":"https:\/\/agora.xtec.cat\/ceipfmacia-orrius\/portada\/8-de-marc-dia-de-la-dona\/","title":{"rendered":"8 de mar\u00e7, dia de la Dona"},"content":{"rendered":"<p>&nbsp;<\/p>\n<p><a href=\"https:\/\/drive.google.com\/drive\/folders\/1M1cd6XyWomVlWeTlJNYTek-LA2yCUpcL?usp=share_link\"><strong>El 8 de mar\u00e7 es celebra el Dia de la dona treballadora o Dia Internacional de les dones.<\/strong><\/a><\/p>\n<p><a href=\"https:\/\/agora.xtec.cat\/ceipfmacia-orrius\/wp-content\/uploads\/usu2067\/2023\/03\/8-marc-dia-de-la-dona-1-1.jpg\"><img loading=\"lazy\" decoding=\"async\" class=\"wp-image-3168 alignleft\" src=\"https:\/\/agora.xtec.cat\/ceipfmacia-orrius\/wp-content\/uploads\/usu2067\/2023\/03\/8-marc-dia-de-la-dona-1-1.jpg\" alt=\"\" width=\"172\" height=\"243\" srcset=\"https:\/\/agora.xtec.cat\/ceipfmacia-orrius\/wp-content\/uploads\/usu2067\/2023\/03\/8-marc-dia-de-la-dona-1-1.jpg 1587w, https:\/\/agora.xtec.cat\/ceipfmacia-orrius\/wp-content\/uploads\/usu2067\/2023\/03\/8-marc-dia-de-la-dona-1-1-212x300.jpg 212w, https:\/\/agora.xtec.cat\/ceipfmacia-orrius\/wp-content\/uploads\/usu2067\/2023\/03\/8-marc-dia-de-la-dona-1-1-724x1024.jpg 724w, https:\/\/agora.xtec.cat\/ceipfmacia-orrius\/wp-content\/uploads\/usu2067\/2023\/03\/8-marc-dia-de-la-dona-1-1-768x1086.jpg 768w, https:\/\/agora.xtec.cat\/ceipfmacia-orrius\/wp-content\/uploads\/usu2067\/2023\/03\/8-marc-dia-de-la-dona-1-1-1086x1536.jpg 1086w, https:\/\/agora.xtec.cat\/ceipfmacia-orrius\/wp-content\/uploads\/usu2067\/2023\/03\/8-marc-dia-de-la-dona-1-1-1448x2048.jpg 1448w\" sizes=\"auto, (max-width: 172px) 100vw, 172px\" \/><\/a><\/p>\n<p>A l\u2019escola, treballem per la igualtat cada dia per aconseguir que, finalment, no calgui cap jornada especial per reivindicar res en aquest sentit. Aix\u00f2 no treu, no obstant, que el mateix 8 de mar\u00e7, o en algun moment al llarg de la setmana, aturem l\u2019activitat habitual i dediquem una estona a activitats m\u00e9s espec\u00edfiques per aprofundir-hi.<\/p>\n<p>&nbsp;<\/p>\n<p>Una de les activitats \u00e9s treballar a partir de contes i hist\u00f2ries aquest dia. Per aquest motiu us desixem un recull de contes que podeu tenir com a refer\u00e8ncia per ampliar la biblioteca de casa i dels vostres infants.<\/p>\n<blockquote class=\"wp-embedded-content\" data-secret=\"I7PpUpAMSP\"><p><a href=\"https:\/\/diarieducacio.cat\/26-contes-per-celebrar-amb-la-canalla-el-dia-internacional-de-les-dones\/\">26 contes per celebrar amb la canalla el Dia Internacional de les Dones<\/a><\/p><\/blockquote>\n<p><iframe loading=\"lazy\" class=\"wp-embedded-content\" sandbox=\"allow-scripts\" security=\"restricted\" style=\"position: absolute; clip: rect(1px, 1px, 1px, 1px);\" title=\"&#8220;26 contes per celebrar amb la canalla el Dia Internacional de les Dones&#8221; &#8212; El Diari de l&#039;Educaci\u00f3\" src=\"https:\/\/diarieducacio.cat\/26-contes-per-celebrar-amb-la-canalla-el-dia-internacional-de-les-dones\/embed\/#?secret=6jqbPnTZ0t#?secret=I7PpUpAMSP\" data-secret=\"I7PpUpAMSP\" width=\"500\" height=\"282\" frameborder=\"0\" marginwidth=\"0\" marginheight=\"0\" scrolling=\"no\"><\/iframe><\/p>\n","protected":false},"excerpt":{"rendered":"<p>&nbsp;<br \/>\n<a href=\"https:\/\/drive.google.com\/drive\/folders\/1M1cd6XyWomVlWeTlJNYTek-LA2yCUpcL?usp=share_link\">El 8 de mar\u00e7 es celebra el Dia de la dona treballadora o Dia Internacional de les dones.<\/a><br \/>\n<a href=\"https:\/\/agora.xtec.cat\/ceipfmacia-orrius\/wp-content\/uploads\/usu2067\/2023\/03\/8-marc-dia-de-la-dona-1-1.jpg\"><\/a><br \/>\nA l\u2019escola, treballem per la igualtat cada dia per aconseguir que, finalment, no calgui cap jornada especial per reivindicar res en aquest sentit. Aix\u00f2 no treu,&hellip;  <a href=\"https:\/\/agora.xtec.cat\/ceipfmacia-orrius\/portada\/8-de-marc-dia-de-la-dona\/\" title=\"Read 8 de mar\u00e7, dia de la Dona\">Llegeix m\u00e9s\u00bb<\/a><\/p>\n","protected":false},"author":1,"featured_media":3166,"comment_status":"open","ping_status":"closed","sticky":false,"template":"","format":"standard","meta":{"_bbp_topic_count":0,"_bbp_reply_count":0,"_bbp_total_topic_count":0,"_bbp_total_reply_count":0,"_bbp_voice_count":0,"_bbp_anonymous_reply_count":0,"_bbp_topic_count_hidden":0,"_bbp_reply_count_hidden":0,"_bbp_forum_subforum_count":0,"footnotes":""},"categories":[4],"tags":[],"class_list":["post-3165","post","type-post","status-publish","format-standard","has-post-thumbnail","hentry","category-portada"],"post_mailing_queue_ids":[],"_links":{"self":[{"href":"https:\/\/agora.xtec.cat\/ceipfmacia-orrius\/wp-json\/wp\/v2\/posts\/3165","targetHints":{"allow":["GET"]}}],"collection":[{"href":"https:\/\/agora.xtec.cat\/ceipfmacia-orrius\/wp-json\/wp\/v2\/posts"}],"about":[{"href":"https:\/\/agora.xtec.cat\/ceipfmacia-orrius\/wp-json\/wp\/v2\/types\/post"}],"author":[{"embeddable":true,"href":"https:\/\/agora.xtec.cat\/ceipfmacia-orrius\/wp-json\/wp\/v2\/users\/1"}],"replies":[{"embeddable":true,"href":"https:\/\/agora.xtec.cat\/ceipfmacia-orrius\/wp-json\/wp\/v2\/comments?post=3165"}],"version-history":[{"count":3,"href":"https:\/\/agora.xtec.cat\/ceipfmacia-orrius\/wp-json\/wp\/v2\/posts\/3165\/revisions"}],"predecessor-version":[{"id":3172,"href":"https:\/\/agora.xtec.cat\/ceipfmacia-orrius\/wp-json\/wp\/v2\/posts\/3165\/revisions\/3172"}],"wp:featuredmedia":[{"embeddable":true,"href":"https:\/\/agora.xtec.cat\/ceipfmacia-orrius\/wp-json\/wp\/v2\/media\/3166"}],"wp:attachment":[{"href":"https:\/\/agora.xtec.cat\/ceipfmacia-orrius\/wp-json\/wp\/v2\/media?parent=3165"}],"wp:term":[{"taxonomy":"category","embeddable":true,"href":"https:\/\/agora.xtec.cat\/ceipfmacia-orrius\/wp-json\/wp\/v2\/categories?post=3165"},{"taxonomy":"post_tag","embeddable":true,"href":"https:\/\/agora.xtec.cat\/ceipfmacia-orrius\/wp-json\/wp\/v2\/tags?post=3165"}],"curies":[{"name":"wp","href":"https:\/\/api.w.org\/{rel}","templated":true}]}}