{"id":3144,"date":"2023-02-24T10:51:30","date_gmt":"2023-02-24T09:51:30","guid":{"rendered":"https:\/\/agora.xtec.cat\/ceipfmacia-orrius\/?p=3144"},"modified":"2023-07-05T14:26:47","modified_gmt":"2023-07-05T12:26:47","slug":"preinscripcio-curs-2023-24","status":"publish","type":"post","link":"https:\/\/agora.xtec.cat\/ceipfmacia-orrius\/general\/preinscripcio-curs-2023-24\/","title":{"rendered":"MATRICULACIONS CURS 2023-24"},"content":{"rendered":"<p><a href=\"https:\/\/drive.google.com\/file\/d\/1vU-NxiASbCKhn8jUVgFTE6KLsW2sl2Aq\/view?usp=drive_link\"><strong><span style=\"font-family: 'Arial','sans-serif'; color: #087eb6;\">Publicaci\u00f3 de la llista d&#8217;espera del centre<\/span><\/strong><\/a><\/p>\n<p><a href=\"https:\/\/drive.google.com\/file\/d\/1LSbGzzUxA8AsWJGoXqKwjciXKa8m9ETR\/view?usp=drive_link\"><strong><span style=\"font-family: 'Arial','sans-serif'; color: #087eb6;\">Alumnes assignats al centre amb indicaci\u00f3 de la primera petici\u00f3\u00a0\u00a0<\/span><\/strong><\/a><\/p>\n<p style=\"background: white; margin: 0cm 0cm 15.0pt 0cm;\"><a href=\"https:\/\/drive.google.com\/file\/d\/1UVjX_h9LjozLOPgwC4D9yhg2vnvlT1ID\/view?usp=drive_link\"><strong><span style=\"font-family: 'Arial','sans-serif'; color: #087eb6;\">Alumnes preinscrits al centre<\/span><\/strong><\/a><\/p>\n<p style=\"background: white; margin: 0cm 0cm 15.0pt 0cm;\"><a href=\"https:\/\/drive.google.com\/file\/d\/1uCRaGEL3YUEddJCmiZKUOBNzPcGTOAKh\/view?usp=drive_link\"><strong><span style=\"font-family: 'Arial','sans-serif'; color: #087eb6;\">Oferta definitiva de places<\/span><\/strong><\/a><\/p>\n<p><a href=\"https:\/\/drive.google.com\/file\/d\/1m2AgK-mxubqnZSXNMm1468y0Uf2bcxo7\/view?usp=share_link\"><strong>Oferta de places escolars Educaci\u00f3 infantil i Educaci\u00f3 prim\u00e0ria Curs 2023-2024<\/strong><\/a><\/p>\n<p><strong>Informacions dates de matriculacions:<\/strong><\/p>\n<ul>\n<li><strong>Del 20 al 28 de juny<\/strong>, al centre on hagueu estat admesos en el per\u00edode de preinscripci\u00f3. <strong>Truqueu al centre abans de venir <\/strong>(Escola \u00d2rrius: 93 797 00 06) i s&#8217;us facilitar\u00e0 una <strong>hora convinguda<\/strong> per a formalitzar la matriculaci\u00f3.<\/li>\n<li>Documentaci\u00f3 <strong>original<\/strong> que cal portar el dia de la matr\u00edcula per <strong>Escoleta (I1 i I2):<\/strong>\n<ul>\n<li>Fotografia mida carnet<\/li>\n<li>Carnet de vacunes <strong>actualitzat<\/strong><\/li>\n<\/ul>\n<\/li>\n<li>Documentaci\u00f3 <strong>original<\/strong> que cal portar el dia de la matr\u00edcula per <strong>Infantil 3<\/strong>:\n<ul>\n<li>DNI de l&#8217;alumne\/a (si en t\u00e9)<\/li>\n<li>Fotografia mida carnet<\/li>\n<li>TSI de l&#8217;alumne\/a<\/li>\n<li>Carnet de vacunes <strong>actualitzat<\/strong><\/li>\n<li>Llibre de Fam\u00edlia<\/li>\n<li>DNI mare i pare<\/li>\n<li>Padr\u00f3 Col\u00b7lectiu (en cas que l&#8217;adre\u00e7a del DNI no sigui l&#8217;actual)<\/li>\n<\/ul>\n<\/li>\n<\/ul>\n<p>*No s&#8217;acceptar\u00e0 cap matr\u00edcula si manca algun document<\/p>\n<p>*No es pot enviar la documentaci\u00f3 per mail<\/p>\n<p>&nbsp;<\/p>\n","protected":false},"excerpt":{"rendered":"<p><a href=\"https:\/\/drive.google.com\/file\/d\/1vU-NxiASbCKhn8jUVgFTE6KLsW2sl2Aq\/view?usp=drive_link\">Publicaci\u00f3 de la llista d&#8217;espera del centre<\/a><br \/>\n<a href=\"https:\/\/drive.google.com\/file\/d\/1LSbGzzUxA8AsWJGoXqKwjciXKa8m9ETR\/view?usp=drive_link\">Alumnes assignats al centre amb indicaci\u00f3 de la primera petici\u00f3\u00a0\u00a0<\/a><br \/>\n<a href=\"https:\/\/drive.google.com\/file\/d\/1UVjX_h9LjozLOPgwC4D9yhg2vnvlT1ID\/view?usp=drive_link\">Alumnes preinscrits al centre<\/a><br \/>\n<a href=\"https:\/\/drive.google.com\/file\/d\/1uCRaGEL3YUEddJCmiZKUOBNzPcGTOAKh\/view?usp=drive_link\">Oferta definitiva de places<\/a><br \/>\n<a href=\"https:\/\/drive.google.com\/file\/d\/1m2AgK-mxubqnZSXNMm1468y0Uf2bcxo7\/view?usp=share_link\">Oferta de places escolars Educaci\u00f3 infantil i Educaci\u00f3 prim\u00e0ria Curs 2023-2024<\/a><br \/>\nInformacions dates de matriculacions:<\/p>\n<ul>\n<li>Del 20 al 28 de juny,&hellip;  <a href=\"https:\/\/agora.xtec.cat\/ceipfmacia-orrius\/general\/preinscripcio-curs-2023-24\/\" title=\"Read MATRICULACIONS CURS 2023-24\">Llegeix m\u00e9s\u00bb<\/a><br \/>\n","protected":false},"author":1,"featured_media":3353,"comment_status":"open","ping_status":"closed","sticky":false,"template":"","format":"standard","meta":{"_bbp_topic_count":0,"_bbp_reply_count":0,"_bbp_total_topic_count":0,"_bbp_total_reply_count":0,"_bbp_voice_count":0,"_bbp_anonymous_reply_count":0,"_bbp_topic_count_hidden":0,"_bbp_reply_count_hidden":0,"_bbp_forum_subforum_count":0,"footnotes":""},"categories":[1,4],"tags":[],"class_list":["post-3144","post","type-post","status-publish","format-standard","has-post-thumbnail","hentry","category-general","category-portada"],"post_mailing_queue_ids":[],"_links":{"self":[{"href":"https:\/\/agora.xtec.cat\/ceipfmacia-orrius\/wp-json\/wp\/v2\/posts\/3144","targetHints":{"allow":["GET"]}}],"collection":[{"href":"https:\/\/agora.xtec.cat\/ceipfmacia-orrius\/wp-json\/wp\/v2\/posts"}],"about":[{"href":"https:\/\/agora.xtec.cat\/ceipfmacia-orrius\/wp-json\/wp\/v2\/types\/post"}],"author":[{"embeddable":true,"href":"https:\/\/agora.xtec.cat\/ceipfmacia-orrius\/wp-json\/wp\/v2\/users\/1"}],"replies":[{"embeddable":true,"href":"https:\/\/agora.xtec.cat\/ceipfmacia-orrius\/wp-json\/wp\/v2\/comments?post=3144"}],"version-history":[{"count":4,"href":"https:\/\/agora.xtec.cat\/ceipfmacia-orrius\/wp-json\/wp\/v2\/posts\/3144\/revisions"}],"predecessor-version":[{"id":3367,"href":"https:\/\/agora.xtec.cat\/ceipfmacia-orrius\/wp-json\/wp\/v2\/posts\/3144\/revisions\/3367"}],"wp:featuredmedia":[{"embeddable":true,"href":"https:\/\/agora.xtec.cat\/ceipfmacia-orrius\/wp-json\/wp\/v2\/media\/3353"}],"wp:attachment":[{"href":"https:\/\/agora.xtec.cat\/ceipfmacia-orrius\/wp-json\/wp\/v2\/media?parent=3144"}],"wp:term":[{"taxonomy":"category","embeddable":true,"href":"https:\/\/agora.xtec.cat\/ceipfmacia-orrius\/wp-json\/wp\/v2\/categories?post=3144"},{"taxonomy":"post_tag","embeddable":true,"href":"https:\/\/agora.xtec.cat\/ceipfmacia-orrius\/wp-json\/wp\/v2\/tags?post=3144"}],"curies":[{"name":"wp","href":"https:\/\/api.w.org\/{rel}","templated":true}]}}