{"id":3139,"date":"2023-02-24T09:30:37","date_gmt":"2023-02-24T08:30:37","guid":{"rendered":"https:\/\/agora.xtec.cat\/ceipfmacia-orrius\/?p=3139"},"modified":"2023-02-24T09:30:37","modified_gmt":"2023-02-24T08:30:37","slug":"adeu-rei-carnestoltes-hola-vella-quaresma","status":"publish","type":"post","link":"https:\/\/agora.xtec.cat\/ceipfmacia-orrius\/general\/adeu-rei-carnestoltes-hola-vella-quaresma\/","title":{"rendered":"Ad\u00e9u Rei Carnestoltes, hola Vella Quaresma"},"content":{"rendered":"<p>El dimecres 22 va arribar el dia de dir <a href=\"https:\/\/drive.google.com\/drive\/folders\/12MuNRpD0RUG1BA3J951e0_RZmdAvzSSa?usp=share_link\">ad\u00e9u a la festa i alegria del Rei Carnestoltes<\/a> i enterrar la Sardina. La Vella Quaresma arriba, amb el seu posat seri\u00f3s, per\u00f2 tamb\u00e9 amb missatges i compromissos que s&#8217;aniran treballant, a les aules, des de l&#8217;\u00e0rea de valors al llarg de les setmanes.<\/p>\n","protected":false},"excerpt":{"rendered":"<p>El dimecres 22 va arribar el dia de dir <a href=\"https:\/\/drive.google.com\/drive\/folders\/12MuNRpD0RUG1BA3J951e0_RZmdAvzSSa?usp=share_link\">ad\u00e9u a la festa i alegria del Rei Carnestoltes<\/a> i enterrar la Sardina. La Vella Quaresma arriba, amb el seu posat seri\u00f3s, per\u00f2 tamb\u00e9 amb missatges i compromissos que s&#8217;aniran treballant, a les aules, des&hellip;  <a href=\"https:\/\/agora.xtec.cat\/ceipfmacia-orrius\/general\/adeu-rei-carnestoltes-hola-vella-quaresma\/\" title=\"Read Ad\u00e9u Rei Carnestoltes, hola Vella Quaresma\">Llegeix m\u00e9s\u00bb<\/a><\/p>\n","protected":false},"author":1,"featured_media":3141,"comment_status":"open","ping_status":"closed","sticky":false,"template":"","format":"standard","meta":{"_bbp_topic_count":0,"_bbp_reply_count":0,"_bbp_total_topic_count":0,"_bbp_total_reply_count":0,"_bbp_voice_count":0,"_bbp_anonymous_reply_count":0,"_bbp_topic_count_hidden":0,"_bbp_reply_count_hidden":0,"_bbp_forum_subforum_count":0,"footnotes":""},"categories":[1,4],"tags":[],"class_list":["post-3139","post","type-post","status-publish","format-standard","has-post-thumbnail","hentry","category-general","category-portada"],"post_mailing_queue_ids":[],"_links":{"self":[{"href":"https:\/\/agora.xtec.cat\/ceipfmacia-orrius\/wp-json\/wp\/v2\/posts\/3139","targetHints":{"allow":["GET"]}}],"collection":[{"href":"https:\/\/agora.xtec.cat\/ceipfmacia-orrius\/wp-json\/wp\/v2\/posts"}],"about":[{"href":"https:\/\/agora.xtec.cat\/ceipfmacia-orrius\/wp-json\/wp\/v2\/types\/post"}],"author":[{"embeddable":true,"href":"https:\/\/agora.xtec.cat\/ceipfmacia-orrius\/wp-json\/wp\/v2\/users\/1"}],"replies":[{"embeddable":true,"href":"https:\/\/agora.xtec.cat\/ceipfmacia-orrius\/wp-json\/wp\/v2\/comments?post=3139"}],"version-history":[{"count":3,"href":"https:\/\/agora.xtec.cat\/ceipfmacia-orrius\/wp-json\/wp\/v2\/posts\/3139\/revisions"}],"predecessor-version":[{"id":3143,"href":"https:\/\/agora.xtec.cat\/ceipfmacia-orrius\/wp-json\/wp\/v2\/posts\/3139\/revisions\/3143"}],"wp:featuredmedia":[{"embeddable":true,"href":"https:\/\/agora.xtec.cat\/ceipfmacia-orrius\/wp-json\/wp\/v2\/media\/3141"}],"wp:attachment":[{"href":"https:\/\/agora.xtec.cat\/ceipfmacia-orrius\/wp-json\/wp\/v2\/media?parent=3139"}],"wp:term":[{"taxonomy":"category","embeddable":true,"href":"https:\/\/agora.xtec.cat\/ceipfmacia-orrius\/wp-json\/wp\/v2\/categories?post=3139"},{"taxonomy":"post_tag","embeddable":true,"href":"https:\/\/agora.xtec.cat\/ceipfmacia-orrius\/wp-json\/wp\/v2\/tags?post=3139"}],"curies":[{"name":"wp","href":"https:\/\/api.w.org\/{rel}","templated":true}]}}