{"id":3133,"date":"2023-02-21T15:17:13","date_gmt":"2023-02-21T14:17:13","guid":{"rendered":"https:\/\/agora.xtec.cat\/ceipfmacia-orrius\/?p=3133"},"modified":"2023-02-21T15:17:13","modified_gmt":"2023-02-21T14:17:13","slug":"festa-i-xerinola-per-carnestoltes","status":"publish","type":"post","link":"https:\/\/agora.xtec.cat\/ceipfmacia-orrius\/portada\/festa-i-xerinola-per-carnestoltes\/","title":{"rendered":"FESTA I XERINOLA PER CARNESTOLTES!!!!"},"content":{"rendered":"<p>I per fi ha arribat el dia tan esperat, el divendres 17. Vam comen\u00e7ar el mat\u00ed fent <a href=\"https:\/\/drive.google.com\/drive\/folders\/18dhFsKBs4_sgvbW8_r-HqBEB8O7_W0E-?usp=share_link\">uns tallers<\/a> d&#8217;all\u00f2 m\u00e9s creatius amb material reciclat per confegir un complement de la disfressa o una titella, despr\u00e9s del pati la vam ensenyar i lluir davant dels companys i companyes i a la tarda vam gaudir de la<a href=\"https:\/\/drive.google.com\/drive\/folders\/1TQqa_tvx8WuoKiqJv9BkCwRibSDdoq22?usp=share_link\"> festa i xerinola<\/a> ben guarnits i\u00a0disfressats!!!<\/p>\n","protected":false},"excerpt":{"rendered":"<p>I per fi ha arribat el dia tan esperat, el divendres 17. Vam comen\u00e7ar el mat\u00ed fent <a href=\"https:\/\/drive.google.com\/drive\/folders\/18dhFsKBs4_sgvbW8_r-HqBEB8O7_W0E-?usp=share_link\">uns tallers<\/a> d&#8217;all\u00f2 m\u00e9s creatius amb material reciclat per confegir un complement de la disfressa o una titella, despr\u00e9s del pati la vam ensenyar i lluir davant&hellip;  <a href=\"https:\/\/agora.xtec.cat\/ceipfmacia-orrius\/portada\/festa-i-xerinola-per-carnestoltes\/\" title=\"Read FESTA I XERINOLA PER CARNESTOLTES!!!!\">Llegeix m\u00e9s\u00bb<\/a><\/p>\n","protected":false},"author":1,"featured_media":3134,"comment_status":"open","ping_status":"closed","sticky":false,"template":"","format":"standard","meta":{"_bbp_topic_count":0,"_bbp_reply_count":0,"_bbp_total_topic_count":0,"_bbp_total_reply_count":0,"_bbp_voice_count":0,"_bbp_anonymous_reply_count":0,"_bbp_topic_count_hidden":0,"_bbp_reply_count_hidden":0,"_bbp_forum_subforum_count":0,"footnotes":""},"categories":[4],"tags":[],"class_list":["post-3133","post","type-post","status-publish","format-standard","has-post-thumbnail","hentry","category-portada"],"post_mailing_queue_ids":[],"_links":{"self":[{"href":"https:\/\/agora.xtec.cat\/ceipfmacia-orrius\/wp-json\/wp\/v2\/posts\/3133","targetHints":{"allow":["GET"]}}],"collection":[{"href":"https:\/\/agora.xtec.cat\/ceipfmacia-orrius\/wp-json\/wp\/v2\/posts"}],"about":[{"href":"https:\/\/agora.xtec.cat\/ceipfmacia-orrius\/wp-json\/wp\/v2\/types\/post"}],"author":[{"embeddable":true,"href":"https:\/\/agora.xtec.cat\/ceipfmacia-orrius\/wp-json\/wp\/v2\/users\/1"}],"replies":[{"embeddable":true,"href":"https:\/\/agora.xtec.cat\/ceipfmacia-orrius\/wp-json\/wp\/v2\/comments?post=3133"}],"version-history":[{"count":1,"href":"https:\/\/agora.xtec.cat\/ceipfmacia-orrius\/wp-json\/wp\/v2\/posts\/3133\/revisions"}],"predecessor-version":[{"id":3135,"href":"https:\/\/agora.xtec.cat\/ceipfmacia-orrius\/wp-json\/wp\/v2\/posts\/3133\/revisions\/3135"}],"wp:featuredmedia":[{"embeddable":true,"href":"https:\/\/agora.xtec.cat\/ceipfmacia-orrius\/wp-json\/wp\/v2\/media\/3134"}],"wp:attachment":[{"href":"https:\/\/agora.xtec.cat\/ceipfmacia-orrius\/wp-json\/wp\/v2\/media?parent=3133"}],"wp:term":[{"taxonomy":"category","embeddable":true,"href":"https:\/\/agora.xtec.cat\/ceipfmacia-orrius\/wp-json\/wp\/v2\/categories?post=3133"},{"taxonomy":"post_tag","embeddable":true,"href":"https:\/\/agora.xtec.cat\/ceipfmacia-orrius\/wp-json\/wp\/v2\/tags?post=3133"}],"curies":[{"name":"wp","href":"https:\/\/api.w.org\/{rel}","templated":true}]}}