{"id":3072,"date":"2023-02-09T12:20:50","date_gmt":"2023-02-09T11:20:50","guid":{"rendered":"https:\/\/agora.xtec.cat\/ceipfmacia-orrius\/?p=3072"},"modified":"2023-02-09T12:20:50","modified_gmt":"2023-02-09T11:20:50","slug":"bruixes-i-bruixots-a-la-fundacio-mona","status":"publish","type":"post","link":"https:\/\/agora.xtec.cat\/ceipfmacia-orrius\/general\/bruixes-i-bruixots-a-la-fundacio-mona\/","title":{"rendered":"BRUIXES I BRUIXOTS  A LA FUNDACI\u00d3 MONA"},"content":{"rendered":"<p>El passat 2 de febrer, la classe de les bruixes i els bruixots vam anar d&#8217;excursi\u00f3 a la<a href=\"https:\/\/fundacionmona.org\/ca\/\"> Fundaci\u00f3 Mona<\/a>, sortida relacionada amb el projecte que estem duent a terme sobre cient\u00edfics i cient\u00edfiques, que ens va derivar, despr\u00e9s de con\u00e8\u00ecxer el treball d&#8217;en <a href=\"https:\/\/ca.wikipedia.org\/wiki\/Jordi_Sabater_i_Pi\">Jordi Sabater Pi<\/a>, com a cient\u00edfic natualista i descobridor d&#8217;en Folquet de Neu, a voler descobrir m\u00e9s coses sobre els primats.<\/p>\n<p>A la Fundaci\u00f3 Mona ens han obert els ulls sobre la import\u00e0ncia de que els humans no han de tenir animals de companyia com a distracci\u00f3, si aquest no s\u00f3n dom\u00e8stics, a m\u00e9s hem apr\u00e9s un munt sobre aquests animals que estan tan aprop de l&#8217;\u00e8sser hum\u00e0.<\/p>\n<p>Un dia molt interessant i que ens ha servit per ampliar els nostres coneixements sobre el tema i ser millors cient\u00edfics i cient\u00edfiques.<\/p>\n<p><a href=\"https:\/\/drive.google.com\/drive\/folders\/1pUiG4aWRA9CUtJYHt-rqx7NLc3W6MAaR?usp=share_link\">Mireu les fotos!<\/a><\/p>\n","protected":false},"excerpt":{"rendered":"<p>El passat 2 de febrer, la classe de les bruixes i els bruixots vam anar d&#8217;excursi\u00f3 a la<a href=\"https:\/\/fundacionmona.org\/ca\/\"> Fundaci\u00f3 Mona<\/a>, sortida relacionada amb el projecte que estem duent a terme sobre cient\u00edfics i cient\u00edfiques, que ens va derivar, despr\u00e9s de con\u00e8\u00ecxer el treball d&#8217;en&hellip;  <a href=\"https:\/\/agora.xtec.cat\/ceipfmacia-orrius\/general\/bruixes-i-bruixots-a-la-fundacio-mona\/\" title=\"Read BRUIXES I BRUIXOTS  A LA FUNDACI\u00d3 MONA\">Llegeix m\u00e9s\u00bb<\/a><\/p>\n","protected":false},"author":1,"featured_media":3074,"comment_status":"open","ping_status":"closed","sticky":false,"template":"","format":"standard","meta":{"_bbp_topic_count":0,"_bbp_reply_count":0,"_bbp_total_topic_count":0,"_bbp_total_reply_count":0,"_bbp_voice_count":0,"_bbp_anonymous_reply_count":0,"_bbp_topic_count_hidden":0,"_bbp_reply_count_hidden":0,"_bbp_forum_subforum_count":0,"footnotes":""},"categories":[60,1,13,4],"tags":[],"class_list":["post-3072","post","type-post","status-publish","format-standard","has-post-thumbnail","hentry","category-cm","category-general","category-mascotes-olimpiques","category-portada"],"post_mailing_queue_ids":[],"_links":{"self":[{"href":"https:\/\/agora.xtec.cat\/ceipfmacia-orrius\/wp-json\/wp\/v2\/posts\/3072","targetHints":{"allow":["GET"]}}],"collection":[{"href":"https:\/\/agora.xtec.cat\/ceipfmacia-orrius\/wp-json\/wp\/v2\/posts"}],"about":[{"href":"https:\/\/agora.xtec.cat\/ceipfmacia-orrius\/wp-json\/wp\/v2\/types\/post"}],"author":[{"embeddable":true,"href":"https:\/\/agora.xtec.cat\/ceipfmacia-orrius\/wp-json\/wp\/v2\/users\/1"}],"replies":[{"embeddable":true,"href":"https:\/\/agora.xtec.cat\/ceipfmacia-orrius\/wp-json\/wp\/v2\/comments?post=3072"}],"version-history":[{"count":2,"href":"https:\/\/agora.xtec.cat\/ceipfmacia-orrius\/wp-json\/wp\/v2\/posts\/3072\/revisions"}],"predecessor-version":[{"id":3075,"href":"https:\/\/agora.xtec.cat\/ceipfmacia-orrius\/wp-json\/wp\/v2\/posts\/3072\/revisions\/3075"}],"wp:featuredmedia":[{"embeddable":true,"href":"https:\/\/agora.xtec.cat\/ceipfmacia-orrius\/wp-json\/wp\/v2\/media\/3074"}],"wp:attachment":[{"href":"https:\/\/agora.xtec.cat\/ceipfmacia-orrius\/wp-json\/wp\/v2\/media?parent=3072"}],"wp:term":[{"taxonomy":"category","embeddable":true,"href":"https:\/\/agora.xtec.cat\/ceipfmacia-orrius\/wp-json\/wp\/v2\/categories?post=3072"},{"taxonomy":"post_tag","embeddable":true,"href":"https:\/\/agora.xtec.cat\/ceipfmacia-orrius\/wp-json\/wp\/v2\/tags?post=3072"}],"curies":[{"name":"wp","href":"https:\/\/api.w.org\/{rel}","templated":true}]}}