{"id":3054,"date":"2023-01-20T14:47:25","date_gmt":"2023-01-20T13:47:25","guid":{"rendered":"https:\/\/agora.xtec.cat\/ceipfmacia-orrius\/?p=3054"},"modified":"2023-01-20T14:48:39","modified_gmt":"2023-01-20T13:48:39","slug":"sessions-dexperimentacio-amb-colors-freds","status":"publish","type":"post","link":"https:\/\/agora.xtec.cat\/ceipfmacia-orrius\/portada\/sessions-dexperimentacio-amb-colors-freds\/","title":{"rendered":"A l&#8217;Escoleta fem sessions d&#8217;experimentaci\u00f3 amb colors freds"},"content":{"rendered":"<p>Estem a gener i l&#8217;hivern ja ha arribat, als matins venim ben abrigats i amb els nassos vermells pel fred!<\/p>\n<p>En els \u00faltims dies hem descobert les diferents tonalitats que ens regala aquesta estaci\u00f3, tons freds com el blau, el lila, el gris, el blanc de la neu&#8230;Ho estem passant molt b\u00e9 experimentant amb totes les parts del cos fins i tot ens hem atrevit amb els peus! quina sensaci\u00f3 trepitjar pintura o tocar la neu freda amb les mans!<\/p>\n<p>Us deixem <a href=\"https:\/\/drive.google.com\/drive\/folders\/1wQBw7JmDn8EDtOzAbsYHWJHZKdZLugmv?usp=sharing\">un recull d&#8217;alguns moments<\/a> on podreu veure tot el que estem experimentant.<\/p>\n<p style=\"text-align: center;\">Bon hivern, abrigueu-vos b\u00e9!<\/p>\n","protected":false},"excerpt":{"rendered":"<p>Estem a gener i l&#8217;hivern ja ha arribat, als matins venim ben abrigats i amb els nassos vermells pel fred!<br \/>\nEn els \u00faltims dies hem descobert les diferents tonalitats que ens regala aquesta estaci\u00f3, tons freds com el blau, el lila, el gris, el blanc de&hellip;  <a href=\"https:\/\/agora.xtec.cat\/ceipfmacia-orrius\/portada\/sessions-dexperimentacio-amb-colors-freds\/\" title=\"Read A l&#8217;Escoleta fem sessions d&#8217;experimentaci\u00f3 amb colors freds\">Llegeix m\u00e9s\u00bb<\/a><\/p>\n","protected":false},"author":41,"featured_media":3055,"comment_status":"open","ping_status":"closed","sticky":false,"template":"","format":"standard","meta":{"_bbp_topic_count":0,"_bbp_reply_count":0,"_bbp_total_topic_count":0,"_bbp_total_reply_count":0,"_bbp_voice_count":0,"_bbp_anonymous_reply_count":0,"_bbp_topic_count_hidden":0,"_bbp_reply_count_hidden":0,"_bbp_forum_subforum_count":0,"footnotes":""},"categories":[170,4],"tags":[],"class_list":["post-3054","post","type-post","status-publish","format-standard","has-post-thumbnail","hentry","category-escoleta","category-portada"],"post_mailing_queue_ids":[],"_links":{"self":[{"href":"https:\/\/agora.xtec.cat\/ceipfmacia-orrius\/wp-json\/wp\/v2\/posts\/3054","targetHints":{"allow":["GET"]}}],"collection":[{"href":"https:\/\/agora.xtec.cat\/ceipfmacia-orrius\/wp-json\/wp\/v2\/posts"}],"about":[{"href":"https:\/\/agora.xtec.cat\/ceipfmacia-orrius\/wp-json\/wp\/v2\/types\/post"}],"author":[{"embeddable":true,"href":"https:\/\/agora.xtec.cat\/ceipfmacia-orrius\/wp-json\/wp\/v2\/users\/41"}],"replies":[{"embeddable":true,"href":"https:\/\/agora.xtec.cat\/ceipfmacia-orrius\/wp-json\/wp\/v2\/comments?post=3054"}],"version-history":[{"count":3,"href":"https:\/\/agora.xtec.cat\/ceipfmacia-orrius\/wp-json\/wp\/v2\/posts\/3054\/revisions"}],"predecessor-version":[{"id":3058,"href":"https:\/\/agora.xtec.cat\/ceipfmacia-orrius\/wp-json\/wp\/v2\/posts\/3054\/revisions\/3058"}],"wp:featuredmedia":[{"embeddable":true,"href":"https:\/\/agora.xtec.cat\/ceipfmacia-orrius\/wp-json\/wp\/v2\/media\/3055"}],"wp:attachment":[{"href":"https:\/\/agora.xtec.cat\/ceipfmacia-orrius\/wp-json\/wp\/v2\/media?parent=3054"}],"wp:term":[{"taxonomy":"category","embeddable":true,"href":"https:\/\/agora.xtec.cat\/ceipfmacia-orrius\/wp-json\/wp\/v2\/categories?post=3054"},{"taxonomy":"post_tag","embeddable":true,"href":"https:\/\/agora.xtec.cat\/ceipfmacia-orrius\/wp-json\/wp\/v2\/tags?post=3054"}],"curies":[{"name":"wp","href":"https:\/\/api.w.org\/{rel}","templated":true}]}}