{"id":3019,"date":"2022-12-20T17:33:18","date_gmt":"2022-12-20T16:33:18","guid":{"rendered":"https:\/\/agora.xtec.cat\/ceipfmacia-orrius\/?p=3019"},"modified":"2024-04-26T12:44:02","modified_gmt":"2024-04-26T10:44:02","slug":"preparant-el-nadal","status":"publish","type":"post","link":"https:\/\/agora.xtec.cat\/ceipfmacia-orrius\/infantil\/preparant-el-nadal\/","title":{"rendered":"Preparant el Nadal"},"content":{"rendered":"<p>Aquests dies hem estat ben enfeinats preparant el Nadal! Hem fet unes postals molt boniques i hem transformat una pinya del bosc en un arbre de Nadal! Tamb\u00e9 ens hem apr\u00e8s uns poemes i unes can\u00e7ons que interpretarem al concert que farem el darrer dia del trimestre. I com que ens hem portat molt b\u00e9 i li hem donat for\u00e7a de menjar, el Ti\u00f3 ens ha cagat moltes coses per l&#8217;aula! Aqu\u00ed teniu les fotos!<\/p>\n<p><a href=\"https:\/\/drive.google.com\/drive\/u\/1\/folders\/1wm_49nOgsMR_c5jyeFxBDYmRLh3WDH5d\">Preparant el Nadal<\/a><br \/>\n<a href=\"https:\/\/drive.google.com\/drive\/u\/1\/folders\/1OfClkOF5zKFaurdulEhQ3IT0Y2MomjoH\">Nadal<\/a><\/p>\n","protected":false},"excerpt":{"rendered":"<p>Aquests dies hem estat ben enfeinats preparant el Nadal! Hem fet unes postals molt boniques i hem transformat una pinya del bosc en un arbre de Nadal! Tamb\u00e9 ens hem apr\u00e8s uns poemes i unes can\u00e7ons que interpretarem al concert que farem el darrer dia&hellip;  <a href=\"https:\/\/agora.xtec.cat\/ceipfmacia-orrius\/infantil\/preparant-el-nadal\/\" title=\"Read Preparant el Nadal\">Llegeix m\u00e9s\u00bb<\/a><\/p>\n","protected":false},"author":17,"featured_media":3024,"comment_status":"open","ping_status":"closed","sticky":false,"template":"","format":"standard","meta":{"_bbp_topic_count":0,"_bbp_reply_count":0,"_bbp_total_topic_count":0,"_bbp_total_reply_count":0,"_bbp_voice_count":0,"_bbp_anonymous_reply_count":0,"_bbp_topic_count_hidden":0,"_bbp_reply_count_hidden":0,"_bbp_forum_subforum_count":0,"footnotes":""},"categories":[2,3,8],"tags":[],"class_list":["post-3019","post","type-post","status-publish","format-standard","has-post-thumbnail","hentry","category-infantil","category-maons","category-aquatics-infantil"],"post_mailing_queue_ids":[],"_links":{"self":[{"href":"https:\/\/agora.xtec.cat\/ceipfmacia-orrius\/wp-json\/wp\/v2\/posts\/3019","targetHints":{"allow":["GET"]}}],"collection":[{"href":"https:\/\/agora.xtec.cat\/ceipfmacia-orrius\/wp-json\/wp\/v2\/posts"}],"about":[{"href":"https:\/\/agora.xtec.cat\/ceipfmacia-orrius\/wp-json\/wp\/v2\/types\/post"}],"author":[{"embeddable":true,"href":"https:\/\/agora.xtec.cat\/ceipfmacia-orrius\/wp-json\/wp\/v2\/users\/17"}],"replies":[{"embeddable":true,"href":"https:\/\/agora.xtec.cat\/ceipfmacia-orrius\/wp-json\/wp\/v2\/comments?post=3019"}],"version-history":[{"count":6,"href":"https:\/\/agora.xtec.cat\/ceipfmacia-orrius\/wp-json\/wp\/v2\/posts\/3019\/revisions"}],"predecessor-version":[{"id":3815,"href":"https:\/\/agora.xtec.cat\/ceipfmacia-orrius\/wp-json\/wp\/v2\/posts\/3019\/revisions\/3815"}],"wp:featuredmedia":[{"embeddable":true,"href":"https:\/\/agora.xtec.cat\/ceipfmacia-orrius\/wp-json\/wp\/v2\/media\/3024"}],"wp:attachment":[{"href":"https:\/\/agora.xtec.cat\/ceipfmacia-orrius\/wp-json\/wp\/v2\/media?parent=3019"}],"wp:term":[{"taxonomy":"category","embeddable":true,"href":"https:\/\/agora.xtec.cat\/ceipfmacia-orrius\/wp-json\/wp\/v2\/categories?post=3019"},{"taxonomy":"post_tag","embeddable":true,"href":"https:\/\/agora.xtec.cat\/ceipfmacia-orrius\/wp-json\/wp\/v2\/tags?post=3019"}],"curies":[{"name":"wp","href":"https:\/\/api.w.org\/{rel}","templated":true}]}}