{"id":3013,"date":"2022-12-05T16:30:49","date_gmt":"2022-12-05T15:30:49","guid":{"rendered":"https:\/\/agora.xtec.cat\/ceipfmacia-orrius\/?p=3013"},"modified":"2024-04-26T12:49:41","modified_gmt":"2024-04-26T10:49:41","slug":"grafisme-1","status":"publish","type":"post","link":"https:\/\/agora.xtec.cat\/ceipfmacia-orrius\/infantil\/grafisme-1\/","title":{"rendered":"Grafisme 1"},"content":{"rendered":"<p>Aquest primer trimestre hem treballat el grafisme de manera molt creativa i art\u00edstica, a partir de materials diversos com s\u00f3n els pinzells m\u00e0gics! Hem treballat la l\u00ednia recta per fer el decorat del Rac\u00f3 de la calma, el cercle i les espirals! A traves del treball de grafisme ens apropem als diferents tra\u00e7os, treballem les nostres habilitats motores fines i desenvolupem capacitats molt importants com son l\u2019atenci\u00f3, la direccionalitat i l\u2019orientaci\u00f3\u2026Ens ho hem passat molt b\u00e9 i ens han quedat uns treballs molt bonics!<br \/>\n<a href=\"https:\/\/drive.google.com\/drive\/u\/1\/folders\/1MxFU1HIcjiVCR9NOTg6Q4MUfnvA59am8\">Grafisme<\/a><br \/>\n<a href=\"https:\/\/drive.google.com\/drive\/u\/1\/folders\/1-6P9NiAp-LZsKgVAeIioKfYjmrZRKs42\">Grafisme espirals<\/a><\/p>\n","protected":false},"excerpt":{"rendered":"<p>Aquest primer trimestre hem treballat el grafisme de manera molt creativa i art\u00edstica, a partir de materials diversos com s\u00f3n els pinzells m\u00e0gics! Hem treballat la l\u00ednia recta per fer el decorat del Rac\u00f3 de la calma, el cercle i les espirals! A traves del&hellip;  <a href=\"https:\/\/agora.xtec.cat\/ceipfmacia-orrius\/infantil\/grafisme-1\/\" title=\"Read Grafisme 1\">Llegeix m\u00e9s\u00bb<\/a><\/p>\n","protected":false},"author":17,"featured_media":3026,"comment_status":"open","ping_status":"closed","sticky":false,"template":"","format":"standard","meta":{"_bbp_topic_count":0,"_bbp_reply_count":0,"_bbp_total_topic_count":0,"_bbp_total_reply_count":0,"_bbp_voice_count":0,"_bbp_anonymous_reply_count":0,"_bbp_topic_count_hidden":0,"_bbp_reply_count_hidden":0,"_bbp_forum_subforum_count":0,"footnotes":""},"categories":[2,3,8],"tags":[],"class_list":["post-3013","post","type-post","status-publish","format-standard","has-post-thumbnail","hentry","category-infantil","category-maons","category-aquatics-infantil"],"post_mailing_queue_ids":[],"_links":{"self":[{"href":"https:\/\/agora.xtec.cat\/ceipfmacia-orrius\/wp-json\/wp\/v2\/posts\/3013","targetHints":{"allow":["GET"]}}],"collection":[{"href":"https:\/\/agora.xtec.cat\/ceipfmacia-orrius\/wp-json\/wp\/v2\/posts"}],"about":[{"href":"https:\/\/agora.xtec.cat\/ceipfmacia-orrius\/wp-json\/wp\/v2\/types\/post"}],"author":[{"embeddable":true,"href":"https:\/\/agora.xtec.cat\/ceipfmacia-orrius\/wp-json\/wp\/v2\/users\/17"}],"replies":[{"embeddable":true,"href":"https:\/\/agora.xtec.cat\/ceipfmacia-orrius\/wp-json\/wp\/v2\/comments?post=3013"}],"version-history":[{"count":5,"href":"https:\/\/agora.xtec.cat\/ceipfmacia-orrius\/wp-json\/wp\/v2\/posts\/3013\/revisions"}],"predecessor-version":[{"id":3819,"href":"https:\/\/agora.xtec.cat\/ceipfmacia-orrius\/wp-json\/wp\/v2\/posts\/3013\/revisions\/3819"}],"wp:featuredmedia":[{"embeddable":true,"href":"https:\/\/agora.xtec.cat\/ceipfmacia-orrius\/wp-json\/wp\/v2\/media\/3026"}],"wp:attachment":[{"href":"https:\/\/agora.xtec.cat\/ceipfmacia-orrius\/wp-json\/wp\/v2\/media?parent=3013"}],"wp:term":[{"taxonomy":"category","embeddable":true,"href":"https:\/\/agora.xtec.cat\/ceipfmacia-orrius\/wp-json\/wp\/v2\/categories?post=3013"},{"taxonomy":"post_tag","embeddable":true,"href":"https:\/\/agora.xtec.cat\/ceipfmacia-orrius\/wp-json\/wp\/v2\/tags?post=3013"}],"curies":[{"name":"wp","href":"https:\/\/api.w.org\/{rel}","templated":true}]}}