{"id":3005,"date":"2022-12-23T11:50:52","date_gmt":"2022-12-23T10:50:52","guid":{"rendered":"https:\/\/agora.xtec.cat\/ceipfmacia-orrius\/?p=3005"},"modified":"2022-12-23T11:51:33","modified_gmt":"2022-12-23T10:51:33","slug":"aprenent-a-ser-cientifics-i-cientifiques","status":"publish","type":"post","link":"https:\/\/agora.xtec.cat\/ceipfmacia-orrius\/general\/aprenent-a-ser-cientifics-i-cientifiques\/","title":{"rendered":"Aprenent a ser cient\u00edfics i cient\u00edfiques"},"content":{"rendered":"<p>Aquest trimestre a la classe de les Bruixes i els Bruixots, han respost un munt de preguntes sobre qu\u00e8 vol dir ser cient\u00edfic, comen\u00e7at a classificar quin tipus de cient\u00edfics hi ha i coneixent, entre d&#8217;altres i m\u00e9s a fons, el cient\u00edfic primat\u00f2leg <a href=\"https:\/\/drive.google.com\/drive\/folders\/1EVcgZTk4BWbdUs1q1d8cvrQMIyM893N7?usp=share_link\">Jordi Sabater i Pi<\/a>, que els ha endinsat en el m\u00f3n d&#8217;en<a href=\"https:\/\/drive.google.com\/drive\/folders\/1Aybmaezpv3tsk6Dvvs9iZVa3y13UysYk?usp=share_link\"> Floquet de Neu<\/a>, on ha sorgit la pregunta de per qu\u00e8 era blanc i qu\u00e8 era l&#8217;albinisme. Han mirat l&#8217;instrumental que pot fer servir un cient\u00edfic per investigar i quins s\u00f3n els passos del m\u00e8tode cient\u00edfic, a m\u00e9s de crear una exposici\u00f3 la setmana del 10 de novembre, que \u00e9s el <a href=\"https:\/\/drive.google.com\/drive\/folders\/1UBeJPhrqKXw83Z27as31u5Q885TXuBgB?usp=share_link\">Dia de la Ci\u00e8ncia<\/a>. I per acabar-ho d&#8217;arrodonir, han acabat aquest trimestre amb la visita d&#8217;uns<a href=\"https:\/\/drive.google.com\/drive\/folders\/1A1VSGrWcYVmTkIkUUsjpFUnsTFU2y2gh?usp=share_link\"> cient\u00edfics<\/a> de veritat, pare i mare de l&#8217;escola, als quals els hi estem molt agra\u00efts,\u00a0 que ens han explicat en profunditat qu\u00e8 son les c\u00e8l\u00b7lules, l&#8217;ADN i mil coses m\u00e9s que potser encoratjaran algun dels alumnes a seguir els seus passos.<\/p>\n","protected":false},"excerpt":{"rendered":"<p>Aquest trimestre a la classe de les Bruixes i els Bruixots, han respost un munt de preguntes sobre qu\u00e8 vol dir ser cient\u00edfic, comen\u00e7at a classificar quin tipus de cient\u00edfics hi ha i coneixent, entre d&#8217;altres i m\u00e9s a fons, el cient\u00edfic primat\u00f2leg <a href=\"https:\/\/drive.google.com\/drive\/folders\/1EVcgZTk4BWbdUs1q1d8cvrQMIyM893N7?usp=share_link\">Jordi&hellip;  <a href=\"https:\/\/agora.xtec.cat\/ceipfmacia-orrius\/general\/aprenent-a-ser-cientifics-i-cientifiques\/\" title=\"Read Aprenent a ser cient\u00edfics i cient\u00edfiques\">Llegeix m\u00e9s\u00bb<\/a><\/p>\n","protected":false},"author":1,"featured_media":3007,"comment_status":"open","ping_status":"closed","sticky":false,"template":"","format":"standard","meta":{"_bbp_topic_count":0,"_bbp_reply_count":0,"_bbp_total_topic_count":0,"_bbp_total_reply_count":0,"_bbp_voice_count":0,"_bbp_anonymous_reply_count":0,"_bbp_topic_count_hidden":0,"_bbp_reply_count_hidden":0,"_bbp_forum_subforum_count":0,"footnotes":""},"categories":[60,1,13],"tags":[],"class_list":["post-3005","post","type-post","status-publish","format-standard","has-post-thumbnail","hentry","category-cm","category-general","category-mascotes-olimpiques"],"post_mailing_queue_ids":[],"_links":{"self":[{"href":"https:\/\/agora.xtec.cat\/ceipfmacia-orrius\/wp-json\/wp\/v2\/posts\/3005","targetHints":{"allow":["GET"]}}],"collection":[{"href":"https:\/\/agora.xtec.cat\/ceipfmacia-orrius\/wp-json\/wp\/v2\/posts"}],"about":[{"href":"https:\/\/agora.xtec.cat\/ceipfmacia-orrius\/wp-json\/wp\/v2\/types\/post"}],"author":[{"embeddable":true,"href":"https:\/\/agora.xtec.cat\/ceipfmacia-orrius\/wp-json\/wp\/v2\/users\/1"}],"replies":[{"embeddable":true,"href":"https:\/\/agora.xtec.cat\/ceipfmacia-orrius\/wp-json\/wp\/v2\/comments?post=3005"}],"version-history":[{"count":1,"href":"https:\/\/agora.xtec.cat\/ceipfmacia-orrius\/wp-json\/wp\/v2\/posts\/3005\/revisions"}],"predecessor-version":[{"id":3008,"href":"https:\/\/agora.xtec.cat\/ceipfmacia-orrius\/wp-json\/wp\/v2\/posts\/3005\/revisions\/3008"}],"wp:featuredmedia":[{"embeddable":true,"href":"https:\/\/agora.xtec.cat\/ceipfmacia-orrius\/wp-json\/wp\/v2\/media\/3007"}],"wp:attachment":[{"href":"https:\/\/agora.xtec.cat\/ceipfmacia-orrius\/wp-json\/wp\/v2\/media?parent=3005"}],"wp:term":[{"taxonomy":"category","embeddable":true,"href":"https:\/\/agora.xtec.cat\/ceipfmacia-orrius\/wp-json\/wp\/v2\/categories?post=3005"},{"taxonomy":"post_tag","embeddable":true,"href":"https:\/\/agora.xtec.cat\/ceipfmacia-orrius\/wp-json\/wp\/v2\/tags?post=3005"}],"curies":[{"name":"wp","href":"https:\/\/api.w.org\/{rel}","templated":true}]}}