{"id":2995,"date":"2022-12-21T12:51:45","date_gmt":"2022-12-21T11:51:45","guid":{"rendered":"https:\/\/agora.xtec.cat\/ceipfmacia-orrius\/?p=2995"},"modified":"2022-12-23T10:49:10","modified_gmt":"2022-12-23T09:49:10","slug":"gaudim-dels-darrers-dies-de-trimestre","status":"publish","type":"post","link":"https:\/\/agora.xtec.cat\/ceipfmacia-orrius\/general\/gaudim-dels-darrers-dies-de-trimestre\/","title":{"rendered":"GAUDIM DELS DARRERS DIES DE TRIMESTRE"},"content":{"rendered":"<p>I encetant els \u00faltims dies d&#8217;escola d&#8217;aquest trimestre, amb moltes ganes i il.lusi\u00f3 per la quantitat d&#8217;esdeveniments que viurem. I qu\u00e8 hem viscut? doncs fent un resum&#8230; hem <a href=\"https:\/\/drive.google.com\/drive\/folders\/1Dz01JzTA4JMCdfsduDHRwgYzn9anIFD9?usp=share_link\">cagat el Ti\u00f3 i hem gaudit dels jocs<\/a> que ens ha portat, hem dut a terme el gran <a href=\"https:\/\/drive.google.com\/drive\/folders\/13JJBq4mQmHbLusWd88lljE_woRKkHgZc?usp=share_link\">festival de Nadal<\/a>, cantant, recitant i gaudint de l&#8217;espectacle des dels m\u00e9s petits de l&#8217;escola fins els m\u00e9s grans, i per acomiadar-nos hem compartit l&#8217;esmorzar amb els companys i companyes.\u00a0 I ara tocar\u00e0 gaudir d&#8217;unes bones vacances i un bon descans.<\/p>\n","protected":false},"excerpt":{"rendered":"<p>I encetant els \u00faltims dies d&#8217;escola d&#8217;aquest trimestre, amb moltes ganes i il.lusi\u00f3 per la quantitat d&#8217;esdeveniments que viurem. I qu\u00e8 hem viscut? doncs fent un resum&#8230; hem <a href=\"https:\/\/drive.google.com\/drive\/folders\/1Dz01JzTA4JMCdfsduDHRwgYzn9anIFD9?usp=share_link\">cagat el Ti\u00f3 i hem gaudit dels jocs<\/a> que ens ha portat, hem dut a terme&hellip;  <a href=\"https:\/\/agora.xtec.cat\/ceipfmacia-orrius\/general\/gaudim-dels-darrers-dies-de-trimestre\/\" title=\"Read GAUDIM DELS DARRERS DIES DE TRIMESTRE\">Llegeix m\u00e9s\u00bb<\/a><\/p>\n","protected":false},"author":1,"featured_media":2996,"comment_status":"open","ping_status":"closed","sticky":false,"template":"","format":"standard","meta":{"_bbp_topic_count":0,"_bbp_reply_count":0,"_bbp_total_topic_count":0,"_bbp_total_reply_count":0,"_bbp_voice_count":0,"_bbp_anonymous_reply_count":0,"_bbp_topic_count_hidden":0,"_bbp_reply_count_hidden":0,"_bbp_forum_subforum_count":0,"footnotes":""},"categories":[1,4],"tags":[],"class_list":["post-2995","post","type-post","status-publish","format-standard","has-post-thumbnail","hentry","category-general","category-portada"],"post_mailing_queue_ids":[],"_links":{"self":[{"href":"https:\/\/agora.xtec.cat\/ceipfmacia-orrius\/wp-json\/wp\/v2\/posts\/2995","targetHints":{"allow":["GET"]}}],"collection":[{"href":"https:\/\/agora.xtec.cat\/ceipfmacia-orrius\/wp-json\/wp\/v2\/posts"}],"about":[{"href":"https:\/\/agora.xtec.cat\/ceipfmacia-orrius\/wp-json\/wp\/v2\/types\/post"}],"author":[{"embeddable":true,"href":"https:\/\/agora.xtec.cat\/ceipfmacia-orrius\/wp-json\/wp\/v2\/users\/1"}],"replies":[{"embeddable":true,"href":"https:\/\/agora.xtec.cat\/ceipfmacia-orrius\/wp-json\/wp\/v2\/comments?post=2995"}],"version-history":[{"count":3,"href":"https:\/\/agora.xtec.cat\/ceipfmacia-orrius\/wp-json\/wp\/v2\/posts\/2995\/revisions"}],"predecessor-version":[{"id":3004,"href":"https:\/\/agora.xtec.cat\/ceipfmacia-orrius\/wp-json\/wp\/v2\/posts\/2995\/revisions\/3004"}],"wp:featuredmedia":[{"embeddable":true,"href":"https:\/\/agora.xtec.cat\/ceipfmacia-orrius\/wp-json\/wp\/v2\/media\/2996"}],"wp:attachment":[{"href":"https:\/\/agora.xtec.cat\/ceipfmacia-orrius\/wp-json\/wp\/v2\/media?parent=2995"}],"wp:term":[{"taxonomy":"category","embeddable":true,"href":"https:\/\/agora.xtec.cat\/ceipfmacia-orrius\/wp-json\/wp\/v2\/categories?post=2995"},{"taxonomy":"post_tag","embeddable":true,"href":"https:\/\/agora.xtec.cat\/ceipfmacia-orrius\/wp-json\/wp\/v2\/tags?post=2995"}],"curies":[{"name":"wp","href":"https:\/\/api.w.org\/{rel}","templated":true}]}}