{"id":2986,"date":"2022-12-15T11:12:25","date_gmt":"2022-12-15T10:12:25","guid":{"rendered":"https:\/\/agora.xtec.cat\/ceipfmacia-orrius\/?p=2986"},"modified":"2022-12-15T11:12:25","modified_gmt":"2022-12-15T10:12:25","slug":"espectacles-del-bibliobus","status":"publish","type":"post","link":"https:\/\/agora.xtec.cat\/ceipfmacia-orrius\/general\/espectacles-del-bibliobus\/","title":{"rendered":"Espectacles del Bibliob\u00fas"},"content":{"rendered":"<p>Aquest primer trimestre hem pogut gaudir dels espectacles del Bibliob\u00fas. Per una banda <b>\u00a0<a href=\"https:\/\/drive.google.com\/drive\/folders\/1ymInEcFKjqEXtZyeza2hDAre2jlL7V3Q?usp=share_link\">&#8220;Les incre\u00efbles hist\u00f2ries del Doctor Kl\u00fcpper&#8221;<\/a>\u00a0<\/b><em>Pep L\u00f3pez i Sopars de Duro<\/em> per a CM CS, i <em>Mon Mas<\/em> que ens ha explicat\u00a0<a href=\"https:\/\/drive.google.com\/drive\/folders\/13QhT93Gir4a-N02dvebGylpv9QZS7Rdv?usp=share_link\"><strong> \u201cMuf muf muf\u201d<\/strong><\/a> contes de nadal \u201cal rev\u00e9s\u201d dirigida als grans de l&#8217;Escoleta, EI i CI.<\/p>\n<p>Ha estat tot un luxe poder gaudir a l&#8217;escola d&#8217;aquestes pinzellades de teatre.<\/p>\n","protected":false},"excerpt":{"rendered":"<p>Aquest primer trimestre hem pogut gaudir dels espectacles del Bibliob\u00fas. Per una banda \u00a0<a href=\"https:\/\/drive.google.com\/drive\/folders\/1ymInEcFKjqEXtZyeza2hDAre2jlL7V3Q?usp=share_link\">&#8220;Les incre\u00efbles hist\u00f2ries del Doctor Kl\u00fcpper&#8221;<\/a>\u00a0Pep L\u00f3pez i Sopars de Duro per a CM CS, i Mon Mas que ens ha explicat\u00a0<a href=\"https:\/\/drive.google.com\/drive\/folders\/13QhT93Gir4a-N02dvebGylpv9QZS7Rdv?usp=share_link\"> \u201cMuf muf muf\u201d<\/a> contes de nadal \u201cal rev\u00e9s\u201d&hellip;  <a href=\"https:\/\/agora.xtec.cat\/ceipfmacia-orrius\/general\/espectacles-del-bibliobus\/\" title=\"Read Espectacles del Bibliob\u00fas\">Llegeix m\u00e9s\u00bb<\/a><\/p>\n","protected":false},"author":1,"featured_media":2987,"comment_status":"open","ping_status":"closed","sticky":false,"template":"","format":"standard","meta":{"_bbp_topic_count":0,"_bbp_reply_count":0,"_bbp_total_topic_count":0,"_bbp_total_reply_count":0,"_bbp_voice_count":0,"_bbp_anonymous_reply_count":0,"_bbp_topic_count_hidden":0,"_bbp_reply_count_hidden":0,"_bbp_forum_subforum_count":0,"footnotes":""},"categories":[1,4],"tags":[],"class_list":["post-2986","post","type-post","status-publish","format-standard","has-post-thumbnail","hentry","category-general","category-portada"],"post_mailing_queue_ids":[],"_links":{"self":[{"href":"https:\/\/agora.xtec.cat\/ceipfmacia-orrius\/wp-json\/wp\/v2\/posts\/2986","targetHints":{"allow":["GET"]}}],"collection":[{"href":"https:\/\/agora.xtec.cat\/ceipfmacia-orrius\/wp-json\/wp\/v2\/posts"}],"about":[{"href":"https:\/\/agora.xtec.cat\/ceipfmacia-orrius\/wp-json\/wp\/v2\/types\/post"}],"author":[{"embeddable":true,"href":"https:\/\/agora.xtec.cat\/ceipfmacia-orrius\/wp-json\/wp\/v2\/users\/1"}],"replies":[{"embeddable":true,"href":"https:\/\/agora.xtec.cat\/ceipfmacia-orrius\/wp-json\/wp\/v2\/comments?post=2986"}],"version-history":[{"count":3,"href":"https:\/\/agora.xtec.cat\/ceipfmacia-orrius\/wp-json\/wp\/v2\/posts\/2986\/revisions"}],"predecessor-version":[{"id":2990,"href":"https:\/\/agora.xtec.cat\/ceipfmacia-orrius\/wp-json\/wp\/v2\/posts\/2986\/revisions\/2990"}],"wp:featuredmedia":[{"embeddable":true,"href":"https:\/\/agora.xtec.cat\/ceipfmacia-orrius\/wp-json\/wp\/v2\/media\/2987"}],"wp:attachment":[{"href":"https:\/\/agora.xtec.cat\/ceipfmacia-orrius\/wp-json\/wp\/v2\/media?parent=2986"}],"wp:term":[{"taxonomy":"category","embeddable":true,"href":"https:\/\/agora.xtec.cat\/ceipfmacia-orrius\/wp-json\/wp\/v2\/categories?post=2986"},{"taxonomy":"post_tag","embeddable":true,"href":"https:\/\/agora.xtec.cat\/ceipfmacia-orrius\/wp-json\/wp\/v2\/tags?post=2986"}],"curies":[{"name":"wp","href":"https:\/\/api.w.org\/{rel}","templated":true}]}}