{"id":2985,"date":"2022-12-16T15:38:22","date_gmt":"2022-12-16T14:38:22","guid":{"rendered":"https:\/\/agora.xtec.cat\/ceipfmacia-orrius\/?p=2985"},"modified":"2022-12-16T15:38:52","modified_gmt":"2022-12-16T14:38:52","slug":"taller-juventot-amb-families","status":"publish","type":"post","link":"https:\/\/agora.xtec.cat\/ceipfmacia-orrius\/general\/taller-juventot-amb-families\/","title":{"rendered":"Taller Juventot amb fam\u00edlies"},"content":{"rendered":"<p>El passat dimecres dia 14, les fam\u00edlies de l&#8217;escola van poder gaudir del<a href=\"https:\/\/drive.google.com\/drive\/folders\/1QFRf3Ux_QvRiE2UEZ2OzaUPjioxTOSeC?usp=share_link\"> taller &#8220;Genial, tenim un conflicte&#8221;<\/a> impartit per &#8220;Juventot&#8221;. Vam realitzar din\u00e0miques i jocs molt interessants per arribar a aprofundir en el qu\u00e8 vol dir tenir o sentir-se en conflicte i com resoldre-ho per arribar a fer d&#8217;aquest un aspecte de creixement personal positiu.<\/p>\n<p>Un\u00a0 taller incl\u00f2s a les activitats d&#8217;Educaci\u00f3 Emocional i de Conviv\u00e8ncia que portem a terme a l&#8217;escola.<\/p>\n<p>Agra\u00efm a en Sergio de Juventot la tasca que est\u00e0 portant a terme a l&#8217;escola.<\/p>\n","protected":false},"excerpt":{"rendered":"<p>El passat dimecres dia 14, les fam\u00edlies de l&#8217;escola van poder gaudir del<a href=\"https:\/\/drive.google.com\/drive\/folders\/1QFRf3Ux_QvRiE2UEZ2OzaUPjioxTOSeC?usp=share_link\"> taller &#8220;Genial, tenim un conflicte&#8221;<\/a> impartit per &#8220;Juventot&#8221;. Vam realitzar din\u00e0miques i jocs molt interessants per arribar a aprofundir en el qu\u00e8 vol dir tenir o sentir-se en conflicte i com&hellip;  <a href=\"https:\/\/agora.xtec.cat\/ceipfmacia-orrius\/general\/taller-juventot-amb-families\/\" title=\"Read Taller Juventot amb fam\u00edlies\">Llegeix m\u00e9s\u00bb<\/a><\/p>\n","protected":false},"author":1,"featured_media":2991,"comment_status":"open","ping_status":"closed","sticky":false,"template":"","format":"standard","meta":{"_bbp_topic_count":0,"_bbp_reply_count":0,"_bbp_total_topic_count":0,"_bbp_total_reply_count":0,"_bbp_voice_count":0,"_bbp_anonymous_reply_count":0,"_bbp_topic_count_hidden":0,"_bbp_reply_count_hidden":0,"_bbp_forum_subforum_count":0,"footnotes":""},"categories":[1,4],"tags":[],"class_list":["post-2985","post","type-post","status-publish","format-standard","has-post-thumbnail","hentry","category-general","category-portada"],"post_mailing_queue_ids":[],"_links":{"self":[{"href":"https:\/\/agora.xtec.cat\/ceipfmacia-orrius\/wp-json\/wp\/v2\/posts\/2985","targetHints":{"allow":["GET"]}}],"collection":[{"href":"https:\/\/agora.xtec.cat\/ceipfmacia-orrius\/wp-json\/wp\/v2\/posts"}],"about":[{"href":"https:\/\/agora.xtec.cat\/ceipfmacia-orrius\/wp-json\/wp\/v2\/types\/post"}],"author":[{"embeddable":true,"href":"https:\/\/agora.xtec.cat\/ceipfmacia-orrius\/wp-json\/wp\/v2\/users\/1"}],"replies":[{"embeddable":true,"href":"https:\/\/agora.xtec.cat\/ceipfmacia-orrius\/wp-json\/wp\/v2\/comments?post=2985"}],"version-history":[{"count":1,"href":"https:\/\/agora.xtec.cat\/ceipfmacia-orrius\/wp-json\/wp\/v2\/posts\/2985\/revisions"}],"predecessor-version":[{"id":2992,"href":"https:\/\/agora.xtec.cat\/ceipfmacia-orrius\/wp-json\/wp\/v2\/posts\/2985\/revisions\/2992"}],"wp:featuredmedia":[{"embeddable":true,"href":"https:\/\/agora.xtec.cat\/ceipfmacia-orrius\/wp-json\/wp\/v2\/media\/2991"}],"wp:attachment":[{"href":"https:\/\/agora.xtec.cat\/ceipfmacia-orrius\/wp-json\/wp\/v2\/media?parent=2985"}],"wp:term":[{"taxonomy":"category","embeddable":true,"href":"https:\/\/agora.xtec.cat\/ceipfmacia-orrius\/wp-json\/wp\/v2\/categories?post=2985"},{"taxonomy":"post_tag","embeddable":true,"href":"https:\/\/agora.xtec.cat\/ceipfmacia-orrius\/wp-json\/wp\/v2\/tags?post=2985"}],"curies":[{"name":"wp","href":"https:\/\/api.w.org\/{rel}","templated":true}]}}