{"id":2967,"date":"2022-12-12T09:01:08","date_gmt":"2022-12-12T08:01:08","guid":{"rendered":"https:\/\/agora.xtec.cat\/ceipfmacia-orrius\/?p=2967"},"modified":"2022-12-15T10:41:52","modified_gmt":"2022-12-15T09:41:52","slug":"benvinguda-tardor","status":"publish","type":"post","link":"https:\/\/agora.xtec.cat\/ceipfmacia-orrius\/escoleta\/benvinguda-tardor\/","title":{"rendered":"Benvinguda Tardor"},"content":{"rendered":"<p>La tardor ja ha arribat i amb ell nous colors que han pintat els arbres. Hem sentit l&#8217;olor a pluja i el crac-crac de les fulles al terra a les nostres mans i peus, sentint les fulles seques i les que encara no hi estan.<\/p>\n<p>Amb la nova estaci\u00f3 gaudim de les festes tradicionals com ara, la Castanyada. Ha estat un regal perqu\u00e8 hem pogut compartir els primers moments conjunts amb l&#8217;escola dels m\u00e9s grans.\u00a0 Hem viscut una jornada plena de noves emocions compartint el mat\u00ed fent panellets. Algunes de les fam\u00edlies han\u00a0 vingut a explicar contes de tardor i passar un moment plegats. A la tarda la festa ha continuat i hem pogut con\u00e8ixer a la Castanyera d&#8217;\u00d2rrius i tastar els panellets i castanyes.<\/p>\n<p>Aqu\u00ed us deixem les fotos d&#8217;aquests magn\u00edfics dies de <a href=\"https:\/\/drive.google.com\/drive\/folders\/1YWh5bOOjY2-GZU542VfcGYCuIt9sefvc\">tardor<\/a>.<\/p>\n","protected":false},"excerpt":{"rendered":"<p>La tardor ja ha arribat i amb ell nous colors que han pintat els arbres. Hem sentit l&#8217;olor a pluja i el crac-crac de les fulles al terra a les nostres mans i peus, sentint les fulles seques i les que encara no hi estan.<br \/>\nAmb&hellip;  <a href=\"https:\/\/agora.xtec.cat\/ceipfmacia-orrius\/escoleta\/benvinguda-tardor\/\" title=\"Read Benvinguda Tardor\">Llegeix m\u00e9s\u00bb<\/a><\/p>\n","protected":false},"author":40,"featured_media":2984,"comment_status":"open","ping_status":"closed","sticky":false,"template":"","format":"standard","meta":{"_bbp_topic_count":0,"_bbp_reply_count":0,"_bbp_total_topic_count":0,"_bbp_total_reply_count":0,"_bbp_voice_count":0,"_bbp_anonymous_reply_count":0,"_bbp_topic_count_hidden":0,"_bbp_reply_count_hidden":0,"_bbp_forum_subforum_count":0,"footnotes":""},"categories":[170],"tags":[],"class_list":["post-2967","post","type-post","status-publish","format-standard","has-post-thumbnail","hentry","category-escoleta"],"post_mailing_queue_ids":[],"_links":{"self":[{"href":"https:\/\/agora.xtec.cat\/ceipfmacia-orrius\/wp-json\/wp\/v2\/posts\/2967","targetHints":{"allow":["GET"]}}],"collection":[{"href":"https:\/\/agora.xtec.cat\/ceipfmacia-orrius\/wp-json\/wp\/v2\/posts"}],"about":[{"href":"https:\/\/agora.xtec.cat\/ceipfmacia-orrius\/wp-json\/wp\/v2\/types\/post"}],"author":[{"embeddable":true,"href":"https:\/\/agora.xtec.cat\/ceipfmacia-orrius\/wp-json\/wp\/v2\/users\/40"}],"replies":[{"embeddable":true,"href":"https:\/\/agora.xtec.cat\/ceipfmacia-orrius\/wp-json\/wp\/v2\/comments?post=2967"}],"version-history":[{"count":1,"href":"https:\/\/agora.xtec.cat\/ceipfmacia-orrius\/wp-json\/wp\/v2\/posts\/2967\/revisions"}],"predecessor-version":[{"id":2971,"href":"https:\/\/agora.xtec.cat\/ceipfmacia-orrius\/wp-json\/wp\/v2\/posts\/2967\/revisions\/2971"}],"wp:featuredmedia":[{"embeddable":true,"href":"https:\/\/agora.xtec.cat\/ceipfmacia-orrius\/wp-json\/wp\/v2\/media\/2984"}],"wp:attachment":[{"href":"https:\/\/agora.xtec.cat\/ceipfmacia-orrius\/wp-json\/wp\/v2\/media?parent=2967"}],"wp:term":[{"taxonomy":"category","embeddable":true,"href":"https:\/\/agora.xtec.cat\/ceipfmacia-orrius\/wp-json\/wp\/v2\/categories?post=2967"},{"taxonomy":"post_tag","embeddable":true,"href":"https:\/\/agora.xtec.cat\/ceipfmacia-orrius\/wp-json\/wp\/v2\/tags?post=2967"}],"curies":[{"name":"wp","href":"https:\/\/api.w.org\/{rel}","templated":true}]}}