{"id":2946,"date":"2022-11-24T14:52:19","date_gmt":"2022-11-24T13:52:19","guid":{"rendered":"https:\/\/agora.xtec.cat\/ceipfmacia-orrius\/?p=2946"},"modified":"2022-11-24T14:55:54","modified_gmt":"2022-11-24T13:55:54","slug":"santa-cecilia-22","status":"publish","type":"post","link":"https:\/\/agora.xtec.cat\/ceipfmacia-orrius\/general\/santa-cecilia-22\/","title":{"rendered":"SANTA CEC\u00cdLIA &#8217;22"},"content":{"rendered":"<p>El passat dia 22 de novembre l&#8217;escola es va omplir de M\u00daSICA. Vam gaudir d&#8217;una tarda espectacular escoltant en Max U. i al seu pare al piano, i la participaci\u00f3 d&#8217;altres pares com la del Xavi R. que ens va deleitar cantant i tocant la guitarra i el Noel G. amb el &#8220;caj\u00f3n&#8221;. Es va acabar la tarda amb un gran cor\u00a0 format pels alumnes de CI i la mestra de m\u00fasica, la Maira, que ens van cantar la can\u00e7\u00f3 &#8220;Chain of fools&#8221;.<\/p>\n<p>Gaudiu de <a href=\"https:\/\/drive.google.com\/drive\/folders\/1MaPSLUHFwVvmv88UEdUSDv_MEI0CwkKq?usp=share_link\">les fotos i dels v\u00eddeos.<\/a><\/p>\n<h1 class=\"style-scope ytd-watch-metadata\"><\/h1>\n","protected":false},"excerpt":{"rendered":"<p>El passat dia 22 de novembre l&#8217;escola es va omplir de M\u00daSICA. Vam gaudir d&#8217;una tarda espectacular escoltant en Max U. i al seu pare al piano, i la participaci\u00f3 d&#8217;altres pares com la del Xavi R. que ens va deleitar cantant i tocant la&hellip;  <a href=\"https:\/\/agora.xtec.cat\/ceipfmacia-orrius\/general\/santa-cecilia-22\/\" title=\"Read SANTA CEC\u00cdLIA &#8217;22\">Llegeix m\u00e9s\u00bb<\/a><\/p>\n","protected":false},"author":1,"featured_media":2953,"comment_status":"open","ping_status":"closed","sticky":false,"template":"","format":"standard","meta":{"_bbp_topic_count":0,"_bbp_reply_count":0,"_bbp_total_topic_count":0,"_bbp_total_reply_count":0,"_bbp_voice_count":0,"_bbp_anonymous_reply_count":0,"_bbp_topic_count_hidden":0,"_bbp_reply_count_hidden":0,"_bbp_forum_subforum_count":0,"footnotes":""},"categories":[1,4],"tags":[],"class_list":["post-2946","post","type-post","status-publish","format-standard","has-post-thumbnail","hentry","category-general","category-portada"],"post_mailing_queue_ids":[],"_links":{"self":[{"href":"https:\/\/agora.xtec.cat\/ceipfmacia-orrius\/wp-json\/wp\/v2\/posts\/2946","targetHints":{"allow":["GET"]}}],"collection":[{"href":"https:\/\/agora.xtec.cat\/ceipfmacia-orrius\/wp-json\/wp\/v2\/posts"}],"about":[{"href":"https:\/\/agora.xtec.cat\/ceipfmacia-orrius\/wp-json\/wp\/v2\/types\/post"}],"author":[{"embeddable":true,"href":"https:\/\/agora.xtec.cat\/ceipfmacia-orrius\/wp-json\/wp\/v2\/users\/1"}],"replies":[{"embeddable":true,"href":"https:\/\/agora.xtec.cat\/ceipfmacia-orrius\/wp-json\/wp\/v2\/comments?post=2946"}],"version-history":[{"count":3,"href":"https:\/\/agora.xtec.cat\/ceipfmacia-orrius\/wp-json\/wp\/v2\/posts\/2946\/revisions"}],"predecessor-version":[{"id":2952,"href":"https:\/\/agora.xtec.cat\/ceipfmacia-orrius\/wp-json\/wp\/v2\/posts\/2946\/revisions\/2952"}],"wp:featuredmedia":[{"embeddable":true,"href":"https:\/\/agora.xtec.cat\/ceipfmacia-orrius\/wp-json\/wp\/v2\/media\/2953"}],"wp:attachment":[{"href":"https:\/\/agora.xtec.cat\/ceipfmacia-orrius\/wp-json\/wp\/v2\/media?parent=2946"}],"wp:term":[{"taxonomy":"category","embeddable":true,"href":"https:\/\/agora.xtec.cat\/ceipfmacia-orrius\/wp-json\/wp\/v2\/categories?post=2946"},{"taxonomy":"post_tag","embeddable":true,"href":"https:\/\/agora.xtec.cat\/ceipfmacia-orrius\/wp-json\/wp\/v2\/tags?post=2946"}],"curies":[{"name":"wp","href":"https:\/\/api.w.org\/{rel}","templated":true}]}}