{"id":2924,"date":"2022-11-11T11:09:58","date_gmt":"2022-11-11T10:09:58","guid":{"rendered":"https:\/\/agora.xtec.cat\/ceipfmacia-orrius\/?p=2924"},"modified":"2022-11-11T11:12:08","modified_gmt":"2022-11-11T10:12:08","slug":"estones-de-pati","status":"publish","type":"post","link":"https:\/\/agora.xtec.cat\/ceipfmacia-orrius\/general\/estones-de-pati\/","title":{"rendered":"ESTONES DE PATI"},"content":{"rendered":"<p>L&#8217;hora del pati, una estona m\u00e9s d&#8217;aprenentatge a l&#8217;escola, on aquest es genera\u00a0 a partir de la interacci\u00f3 entre iguals i entre infants de diferents edats, des de I1 fins a 6\u00e8. El joc lliure promou aquestes simbiosis d&#8217;edats on l&#8217;objectiu principal dels infants \u00e9s gaudir de l&#8217;aqu\u00ed i l&#8217;ara. Com a mestres, \u00e9s un goig poder mirar, observar i interactuar amb els nostres alumnes jugant, rient, inventant, proposant, acompanyant, compartint, gestionant,&#8230;.una de les estones m\u00e9s preciades a l&#8217;escola. <a href=\"https:\/\/drive.google.com\/drive\/folders\/1jBedn_6tVpBJMMwSf66FxHhfGR9na7KM?usp=share_link\">Fotos<\/a><\/p>\n<p><a href=\"https:\/\/agora.xtec.cat\/ceipfmacia-orrius\/wp-content\/uploads\/usu2067\/2022\/11\/IMG-20221108-WA0002-1.jpg\"><img loading=\"lazy\" decoding=\"async\" class=\"wp-image-2925 alignleft\" src=\"https:\/\/agora.xtec.cat\/ceipfmacia-orrius\/wp-content\/uploads\/usu2067\/2022\/11\/IMG-20221108-WA0002-1-1024x769.jpg\" alt=\"\" width=\"327\" height=\"246\" srcset=\"https:\/\/agora.xtec.cat\/ceipfmacia-orrius\/wp-content\/uploads\/usu2067\/2022\/11\/IMG-20221108-WA0002-1-1024x769.jpg 1024w, https:\/\/agora.xtec.cat\/ceipfmacia-orrius\/wp-content\/uploads\/usu2067\/2022\/11\/IMG-20221108-WA0002-1-300x225.jpg 300w, https:\/\/agora.xtec.cat\/ceipfmacia-orrius\/wp-content\/uploads\/usu2067\/2022\/11\/IMG-20221108-WA0002-1-768x576.jpg 768w, https:\/\/agora.xtec.cat\/ceipfmacia-orrius\/wp-content\/uploads\/usu2067\/2022\/11\/IMG-20221108-WA0002-1-1536x1153.jpg 1536w, https:\/\/agora.xtec.cat\/ceipfmacia-orrius\/wp-content\/uploads\/usu2067\/2022\/11\/IMG-20221108-WA0002-1-200x150.jpg 200w, https:\/\/agora.xtec.cat\/ceipfmacia-orrius\/wp-content\/uploads\/usu2067\/2022\/11\/IMG-20221108-WA0002-1.jpg 1600w\" sizes=\"auto, (max-width: 327px) 100vw, 327px\" \/><\/a><\/p>\n","protected":false},"excerpt":{"rendered":"<p>L&#8217;hora del pati, una estona m\u00e9s d&#8217;aprenentatge a l&#8217;escola, on aquest es genera\u00a0 a partir de la interacci\u00f3 entre iguals i entre infants de diferents edats, des de I1 fins a 6\u00e8. El joc lliure promou aquestes simbiosis d&#8217;edats on l&#8217;objectiu principal dels infants \u00e9s&hellip;  <a href=\"https:\/\/agora.xtec.cat\/ceipfmacia-orrius\/general\/estones-de-pati\/\" title=\"Read ESTONES DE PATI\">Llegeix m\u00e9s\u00bb<\/a><\/p>\n","protected":false},"author":39,"featured_media":2925,"comment_status":"open","ping_status":"closed","sticky":false,"template":"","format":"standard","meta":{"_bbp_topic_count":0,"_bbp_reply_count":0,"_bbp_total_topic_count":0,"_bbp_total_reply_count":0,"_bbp_voice_count":0,"_bbp_anonymous_reply_count":0,"_bbp_topic_count_hidden":0,"_bbp_reply_count_hidden":0,"_bbp_forum_subforum_count":0,"footnotes":""},"categories":[1,4],"tags":[],"class_list":["post-2924","post","type-post","status-publish","format-standard","has-post-thumbnail","hentry","category-general","category-portada"],"post_mailing_queue_ids":[],"_links":{"self":[{"href":"https:\/\/agora.xtec.cat\/ceipfmacia-orrius\/wp-json\/wp\/v2\/posts\/2924","targetHints":{"allow":["GET"]}}],"collection":[{"href":"https:\/\/agora.xtec.cat\/ceipfmacia-orrius\/wp-json\/wp\/v2\/posts"}],"about":[{"href":"https:\/\/agora.xtec.cat\/ceipfmacia-orrius\/wp-json\/wp\/v2\/types\/post"}],"author":[{"embeddable":true,"href":"https:\/\/agora.xtec.cat\/ceipfmacia-orrius\/wp-json\/wp\/v2\/users\/39"}],"replies":[{"embeddable":true,"href":"https:\/\/agora.xtec.cat\/ceipfmacia-orrius\/wp-json\/wp\/v2\/comments?post=2924"}],"version-history":[{"count":3,"href":"https:\/\/agora.xtec.cat\/ceipfmacia-orrius\/wp-json\/wp\/v2\/posts\/2924\/revisions"}],"predecessor-version":[{"id":2929,"href":"https:\/\/agora.xtec.cat\/ceipfmacia-orrius\/wp-json\/wp\/v2\/posts\/2924\/revisions\/2929"}],"wp:featuredmedia":[{"embeddable":true,"href":"https:\/\/agora.xtec.cat\/ceipfmacia-orrius\/wp-json\/wp\/v2\/media\/2925"}],"wp:attachment":[{"href":"https:\/\/agora.xtec.cat\/ceipfmacia-orrius\/wp-json\/wp\/v2\/media?parent=2924"}],"wp:term":[{"taxonomy":"category","embeddable":true,"href":"https:\/\/agora.xtec.cat\/ceipfmacia-orrius\/wp-json\/wp\/v2\/categories?post=2924"},{"taxonomy":"post_tag","embeddable":true,"href":"https:\/\/agora.xtec.cat\/ceipfmacia-orrius\/wp-json\/wp\/v2\/tags?post=2924"}],"curies":[{"name":"wp","href":"https:\/\/api.w.org\/{rel}","templated":true}]}}