{"id":2888,"date":"2022-10-27T14:52:32","date_gmt":"2022-10-27T12:52:32","guid":{"rendered":"https:\/\/agora.xtec.cat\/ceipfmacia-orrius\/?p=2888"},"modified":"2022-10-27T15:17:59","modified_gmt":"2022-10-27T13:17:59","slug":"activitat-dia-mundial-de-lalimentacio","status":"publish","type":"post","link":"https:\/\/agora.xtec.cat\/ceipfmacia-orrius\/general\/activitat-dia-mundial-de-lalimentacio\/","title":{"rendered":"Activitat Dia Mundial de l&#8217;Alimentaci\u00f3"},"content":{"rendered":"<p><span lang=\"CA\">El dia 16 d\u2019octubre va ser el <b>Dia Mundial de l\u2019<span class=\"il\">Alimentaci\u00f3<\/span><\/b> i des de l\u2019ABS d\u2019Argentona s&#8217;ha dut a terme una activitat dirigida als nens i nenes d\u2019Argentona, \u00d2rrius i Dosrius per incentivar la creativitat entorn a una <span class=\"il\">alimentaci\u00f3<\/span> saludable. L&#8217;activitat est\u00e0 dirigida espec\u00edficament a\u00a0<b>nens i nenes de 3 a 8 anys<\/b>\u00a0i consisteix en\u00a0realitzar un\u00a0<b>dibuix lliure d\u2019un dinar saludable<\/b>.<\/span><\/p>\n<p>La nostra escola ha participat en aquesta activitat dirigida a \u00a0fomentar una h\u00e0bits alimentaris saludables entre els alumnes.<\/p>\n<p>A data de\u00a0 27 d&#8217;octubre tenim la gran not\u00edcia d&#8217;informar-vos que un dels dibuixos dels nostres alumnes ha estat guanyador.<\/p>\n<p><strong>FELICITATS BERNAT P\u00c9REZ!!!<\/strong><\/p>\n<p>&nbsp;<\/p>\n<p>&nbsp;<\/p>\n<p><a href=\"https:\/\/agora.xtec.cat\/ceipfmacia-orrius\/wp-content\/uploads\/usu2067\/2022\/10\/IMG_20221027_100847-1-scaled.jpg\" data-wp-editing=\"1\"><img loading=\"lazy\" decoding=\"async\" class=\"wp-image-2891  alignleft\" src=\"https:\/\/agora.xtec.cat\/ceipfmacia-orrius\/wp-content\/uploads\/usu2067\/2022\/10\/IMG_20221027_100847-1-169x300.jpg\" alt=\"\" width=\"217\" height=\"385\" \/><\/a><img loading=\"lazy\" decoding=\"async\" class=\"wp-image-2889 alignleft\" src=\"https:\/\/agora.xtec.cat\/ceipfmacia-orrius\/wp-content\/uploads\/usu2067\/2022\/10\/web-16-Oct-dia-mundial-alimentacio-AGRONOMIA-810x456-1-e1666866330267.jpg\" alt=\"\" width=\"342\" height=\"292\" srcset=\"https:\/\/agora.xtec.cat\/ceipfmacia-orrius\/wp-content\/uploads\/usu2067\/2022\/10\/web-16-Oct-dia-mundial-alimentacio-AGRONOMIA-810x456-1-e1666866330267.jpg 532w, https:\/\/agora.xtec.cat\/ceipfmacia-orrius\/wp-content\/uploads\/usu2067\/2022\/10\/web-16-Oct-dia-mundial-alimentacio-AGRONOMIA-810x456-1-e1666866330267-300x257.jpg 300w\" sizes=\"auto, (max-width: 342px) 100vw, 342px\" \/><\/p>\n<p><span lang=\"CA\">\u00a0<\/span><\/p>\n","protected":false},"excerpt":{"rendered":"<p>El dia 16 d\u2019octubre va ser el Dia Mundial de l\u2019Alimentaci\u00f3 i des de l\u2019ABS d\u2019Argentona s&#8217;ha dut a terme una activitat dirigida als nens i nenes d\u2019Argentona, \u00d2rrius i Dosrius per incentivar la creativitat entorn a una alimentaci\u00f3 saludable. L&#8217;activitat est\u00e0 dirigida espec\u00edficament a\u00a0nens&hellip;  <a href=\"https:\/\/agora.xtec.cat\/ceipfmacia-orrius\/general\/activitat-dia-mundial-de-lalimentacio\/\" title=\"Read Activitat Dia Mundial de l&#8217;Alimentaci\u00f3\">Llegeix m\u00e9s\u00bb<\/a><\/p>\n","protected":false},"author":1,"featured_media":2891,"comment_status":"open","ping_status":"closed","sticky":false,"template":"","format":"standard","meta":{"_bbp_topic_count":0,"_bbp_reply_count":0,"_bbp_total_topic_count":0,"_bbp_total_reply_count":0,"_bbp_voice_count":0,"_bbp_anonymous_reply_count":0,"_bbp_topic_count_hidden":0,"_bbp_reply_count_hidden":0,"_bbp_forum_subforum_count":0,"footnotes":""},"categories":[10,5,1,4],"tags":[],"class_list":["post-2888","post","type-post","status-publish","format-standard","has-post-thumbnail","hentry","category-anelles-olimpiques","category-ci","category-general","category-portada"],"post_mailing_queue_ids":[],"_links":{"self":[{"href":"https:\/\/agora.xtec.cat\/ceipfmacia-orrius\/wp-json\/wp\/v2\/posts\/2888","targetHints":{"allow":["GET"]}}],"collection":[{"href":"https:\/\/agora.xtec.cat\/ceipfmacia-orrius\/wp-json\/wp\/v2\/posts"}],"about":[{"href":"https:\/\/agora.xtec.cat\/ceipfmacia-orrius\/wp-json\/wp\/v2\/types\/post"}],"author":[{"embeddable":true,"href":"https:\/\/agora.xtec.cat\/ceipfmacia-orrius\/wp-json\/wp\/v2\/users\/1"}],"replies":[{"embeddable":true,"href":"https:\/\/agora.xtec.cat\/ceipfmacia-orrius\/wp-json\/wp\/v2\/comments?post=2888"}],"version-history":[{"count":3,"href":"https:\/\/agora.xtec.cat\/ceipfmacia-orrius\/wp-json\/wp\/v2\/posts\/2888\/revisions"}],"predecessor-version":[{"id":2897,"href":"https:\/\/agora.xtec.cat\/ceipfmacia-orrius\/wp-json\/wp\/v2\/posts\/2888\/revisions\/2897"}],"wp:featuredmedia":[{"embeddable":true,"href":"https:\/\/agora.xtec.cat\/ceipfmacia-orrius\/wp-json\/wp\/v2\/media\/2891"}],"wp:attachment":[{"href":"https:\/\/agora.xtec.cat\/ceipfmacia-orrius\/wp-json\/wp\/v2\/media?parent=2888"}],"wp:term":[{"taxonomy":"category","embeddable":true,"href":"https:\/\/agora.xtec.cat\/ceipfmacia-orrius\/wp-json\/wp\/v2\/categories?post=2888"},{"taxonomy":"post_tag","embeddable":true,"href":"https:\/\/agora.xtec.cat\/ceipfmacia-orrius\/wp-json\/wp\/v2\/tags?post=2888"}],"curies":[{"name":"wp","href":"https:\/\/api.w.org\/{rel}","templated":true}]}}