{"id":2816,"date":"2022-05-27T14:03:37","date_gmt":"2022-05-27T12:03:37","guid":{"rendered":"https:\/\/agora.xtec.cat\/ceipfmacia-orrius\/?p=2816"},"modified":"2024-04-29T17:08:43","modified_gmt":"2024-04-29T15:08:43","slug":"protagonista-la-julia-abellan","status":"publish","type":"post","link":"https:\/\/agora.xtec.cat\/ceipfmacia-orrius\/infantil\/maons\/protagonista-la-julia-abellan\/","title":{"rendered":"Protagonista: la J\u00falia Abell\u00e1n"},"content":{"rendered":"<p>Aquesta setmana la J\u00falia de P-5 ha estat la nostra protagonista. La J\u00falia ens ha portat els seu llibre, la caixa dels tresors i ha compartit amb nosaltres el seu rac\u00f3! Tamb\u00e9 li hem pintat els peus i l\u2019hem mesurat! Divendres els seus pares, la Roser i el Jes\u00fas han vingut a l\u2019escola per passar la tarda amb nosaltres i explicar-nos quina \u00e9s la seva feina. Els pares de la J\u00falia ens han explicat que viatgen molt i que treballen en projectes per ajudar els nois i noies que viuen en pa\u00efsos on no tenen tots els recursos que necessiten! Ens han proposat, despr\u00e9s de veure en un mapa a quins pa\u00efsos han anat, fer un avi\u00f3 molt bonic que hem pogut pintar i decorar al nostre gust! I quan hem acabat&#8230; a viatjar! Moltes gr\u00e0cies Roser, Jes\u00fas i J\u00falia! Ens ha agradat molt tot el que ens heu explicat i el que feu! Ens ho hem passat molt b\u00e9 i hem apr\u00e8s moltes coses!<\/p>\n","protected":false},"excerpt":{"rendered":"<p>Aquesta setmana la J\u00falia de P-5 ha estat la nostra protagonista. La J\u00falia ens ha portat els seu llibre, la caixa dels tresors i ha compartit amb nosaltres el seu rac\u00f3! Tamb\u00e9 li hem pintat els peus i l\u2019hem mesurat! Divendres els seus pares, la&hellip;  <a href=\"https:\/\/agora.xtec.cat\/ceipfmacia-orrius\/infantil\/maons\/protagonista-la-julia-abellan\/\" title=\"Read Protagonista: la J\u00falia Abell\u00e1n\">Llegeix m\u00e9s\u00bb<\/a><\/p>\n","protected":false},"author":17,"featured_media":2817,"comment_status":"open","ping_status":"closed","sticky":false,"template":"","format":"standard","meta":{"_bbp_topic_count":0,"_bbp_reply_count":0,"_bbp_total_topic_count":0,"_bbp_total_reply_count":0,"_bbp_voice_count":0,"_bbp_anonymous_reply_count":0,"_bbp_topic_count_hidden":0,"_bbp_reply_count_hidden":0,"_bbp_forum_subforum_count":0,"footnotes":""},"categories":[3],"tags":[],"class_list":["post-2816","post","type-post","status-publish","format-standard","has-post-thumbnail","hentry","category-maons"],"post_mailing_queue_ids":[],"_links":{"self":[{"href":"https:\/\/agora.xtec.cat\/ceipfmacia-orrius\/wp-json\/wp\/v2\/posts\/2816","targetHints":{"allow":["GET"]}}],"collection":[{"href":"https:\/\/agora.xtec.cat\/ceipfmacia-orrius\/wp-json\/wp\/v2\/posts"}],"about":[{"href":"https:\/\/agora.xtec.cat\/ceipfmacia-orrius\/wp-json\/wp\/v2\/types\/post"}],"author":[{"embeddable":true,"href":"https:\/\/agora.xtec.cat\/ceipfmacia-orrius\/wp-json\/wp\/v2\/users\/17"}],"replies":[{"embeddable":true,"href":"https:\/\/agora.xtec.cat\/ceipfmacia-orrius\/wp-json\/wp\/v2\/comments?post=2816"}],"version-history":[{"count":2,"href":"https:\/\/agora.xtec.cat\/ceipfmacia-orrius\/wp-json\/wp\/v2\/posts\/2816\/revisions"}],"predecessor-version":[{"id":3839,"href":"https:\/\/agora.xtec.cat\/ceipfmacia-orrius\/wp-json\/wp\/v2\/posts\/2816\/revisions\/3839"}],"wp:featuredmedia":[{"embeddable":true,"href":"https:\/\/agora.xtec.cat\/ceipfmacia-orrius\/wp-json\/wp\/v2\/media\/2817"}],"wp:attachment":[{"href":"https:\/\/agora.xtec.cat\/ceipfmacia-orrius\/wp-json\/wp\/v2\/media?parent=2816"}],"wp:term":[{"taxonomy":"category","embeddable":true,"href":"https:\/\/agora.xtec.cat\/ceipfmacia-orrius\/wp-json\/wp\/v2\/categories?post=2816"},{"taxonomy":"post_tag","embeddable":true,"href":"https:\/\/agora.xtec.cat\/ceipfmacia-orrius\/wp-json\/wp\/v2\/tags?post=2816"}],"curies":[{"name":"wp","href":"https:\/\/api.w.org\/{rel}","templated":true}]}}