{"id":2813,"date":"2022-06-28T15:57:30","date_gmt":"2022-06-28T13:57:30","guid":{"rendered":"https:\/\/agora.xtec.cat\/ceipfmacia-orrius\/?p=2813"},"modified":"2024-04-29T17:04:55","modified_gmt":"2024-04-29T15:04:55","slug":"protagonista-la-julia-nogues","status":"publish","type":"post","link":"https:\/\/agora.xtec.cat\/ceipfmacia-orrius\/infantil\/maons\/protagonista-la-julia-nogues\/","title":{"rendered":"Protagonista: la J\u00falia Nogu\u00e9s!"},"content":{"rendered":"<p>Aquesta setmana la nostra protagonista ha estat la J\u00falia de P-3. La J\u00falia ens ha portat els seus contes preferits i ha muntat el seu rac\u00f3! Tamb\u00e9 li hem pintat les mans l l\u2019hem mesurat!Ella ens ha ensenyat el llibre del Protagonista que ha fet a casa amb els pares. Quines fotos m\u00e9s boniques! Els seus pares el Jordi i la M. \u00c0ngels han vingut a l\u2019escola per passar el mat\u00ed amb nosaltres! Ens han explicat moltes coses de la nostra amiga, hem cantat la seva can\u00e7\u00f3 preferida i tamb\u00e9 ens han preparat uns jocs d\u2019aigua per fer al pati que ens han agradat molt! Despr\u00e9s a l\u2019aula, hem inflat uns globus i hem jugat una estona amb ells! Moltes gr\u00e0cies Jordi, M. \u00c0ngels i J\u00falia! Ens ho hem passat molt b\u00e9 amb tot el que ens heu preparat!<\/p>\n","protected":false},"excerpt":{"rendered":"<p>Aquesta setmana la nostra protagonista ha estat la J\u00falia de P-3. La J\u00falia ens ha portat els seus contes preferits i ha muntat el seu rac\u00f3! Tamb\u00e9 li hem pintat les mans l l\u2019hem mesurat!Ella ens ha ensenyat el llibre del Protagonista que ha fet&hellip;  <a href=\"https:\/\/agora.xtec.cat\/ceipfmacia-orrius\/infantil\/maons\/protagonista-la-julia-nogues\/\" title=\"Read Protagonista: la J\u00falia Nogu\u00e9s!\">Llegeix m\u00e9s\u00bb<\/a><\/p>\n","protected":false},"author":17,"featured_media":2815,"comment_status":"open","ping_status":"closed","sticky":false,"template":"","format":"standard","meta":{"_bbp_topic_count":0,"_bbp_reply_count":0,"_bbp_total_topic_count":0,"_bbp_total_reply_count":0,"_bbp_voice_count":0,"_bbp_anonymous_reply_count":0,"_bbp_topic_count_hidden":0,"_bbp_reply_count_hidden":0,"_bbp_forum_subforum_count":0,"footnotes":""},"categories":[3],"tags":[],"class_list":["post-2813","post","type-post","status-publish","format-standard","has-post-thumbnail","hentry","category-maons"],"post_mailing_queue_ids":[],"_links":{"self":[{"href":"https:\/\/agora.xtec.cat\/ceipfmacia-orrius\/wp-json\/wp\/v2\/posts\/2813","targetHints":{"allow":["GET"]}}],"collection":[{"href":"https:\/\/agora.xtec.cat\/ceipfmacia-orrius\/wp-json\/wp\/v2\/posts"}],"about":[{"href":"https:\/\/agora.xtec.cat\/ceipfmacia-orrius\/wp-json\/wp\/v2\/types\/post"}],"author":[{"embeddable":true,"href":"https:\/\/agora.xtec.cat\/ceipfmacia-orrius\/wp-json\/wp\/v2\/users\/17"}],"replies":[{"embeddable":true,"href":"https:\/\/agora.xtec.cat\/ceipfmacia-orrius\/wp-json\/wp\/v2\/comments?post=2813"}],"version-history":[{"count":2,"href":"https:\/\/agora.xtec.cat\/ceipfmacia-orrius\/wp-json\/wp\/v2\/posts\/2813\/revisions"}],"predecessor-version":[{"id":3833,"href":"https:\/\/agora.xtec.cat\/ceipfmacia-orrius\/wp-json\/wp\/v2\/posts\/2813\/revisions\/3833"}],"wp:featuredmedia":[{"embeddable":true,"href":"https:\/\/agora.xtec.cat\/ceipfmacia-orrius\/wp-json\/wp\/v2\/media\/2815"}],"wp:attachment":[{"href":"https:\/\/agora.xtec.cat\/ceipfmacia-orrius\/wp-json\/wp\/v2\/media?parent=2813"}],"wp:term":[{"taxonomy":"category","embeddable":true,"href":"https:\/\/agora.xtec.cat\/ceipfmacia-orrius\/wp-json\/wp\/v2\/categories?post=2813"},{"taxonomy":"post_tag","embeddable":true,"href":"https:\/\/agora.xtec.cat\/ceipfmacia-orrius\/wp-json\/wp\/v2\/tags?post=2813"}],"curies":[{"name":"wp","href":"https:\/\/api.w.org\/{rel}","templated":true}]}}