{"id":2809,"date":"2022-05-30T16:50:59","date_gmt":"2022-05-30T14:50:59","guid":{"rendered":"https:\/\/agora.xtec.cat\/ceipfmacia-orrius\/?p=2809"},"modified":"2024-04-29T17:08:28","modified_gmt":"2024-04-29T15:08:28","slug":"protagonista-en-kiram","status":"publish","type":"post","link":"https:\/\/agora.xtec.cat\/ceipfmacia-orrius\/infantil\/maons\/protagonista-en-kiram\/","title":{"rendered":"Protagonista: en Kiram!"},"content":{"rendered":"<p>Aquesta setmana el Kiram de P-5 ha estat el nostre protagonista. El Kiram ens ha portat el seu llibre i la seva caixa de tresors i els ha compartit al seu rac\u00f3! Hem pogut veure els viatges que ha fet el Kiram amb la seva fam\u00edlia i ens han encantat! Divendres els pares del Kiram la Noli i l\u2019Iv\u00e1n han vingut a l\u2019escola per passar la tarda amb nosaltres i parlar-nos de la seva feina. La mare del Kiram \u00e9s infermera i el pare del Kiram \u00e9s agent forestal. Ens han preparat uns jocs de pistes molt interessants que hem anat a fer al bosc! Mica en mica hem anat trobant les pistes i aprenent coses dels animals del bosc! Al final ens hem guanyat una medalla i tamb\u00e9 ens han obsequiat amb un conte molt bonic! Ens ha agradat molt veure tot el que fa servir el pare del Kiram per tenir cura de la natura! Ha estat fant\u00e0stic! Moltes gr\u00e0cies Noli, Ivan i Kiram! Hem apr\u00e8s moltes coses avui!<\/p>\n","protected":false},"excerpt":{"rendered":"<p>Aquesta setmana el Kiram de P-5 ha estat el nostre protagonista. El Kiram ens ha portat el seu llibre i la seva caixa de tresors i els ha compartit al seu rac\u00f3! Hem pogut veure els viatges que ha fet el Kiram amb la seva&hellip;  <a href=\"https:\/\/agora.xtec.cat\/ceipfmacia-orrius\/infantil\/maons\/protagonista-en-kiram\/\" title=\"Read Protagonista: en Kiram!\">Llegeix m\u00e9s\u00bb<\/a><\/p>\n","protected":false},"author":17,"featured_media":2811,"comment_status":"open","ping_status":"closed","sticky":false,"template":"","format":"standard","meta":{"_bbp_topic_count":0,"_bbp_reply_count":0,"_bbp_total_topic_count":0,"_bbp_total_reply_count":0,"_bbp_voice_count":0,"_bbp_anonymous_reply_count":0,"_bbp_topic_count_hidden":0,"_bbp_reply_count_hidden":0,"_bbp_forum_subforum_count":0,"footnotes":""},"categories":[3],"tags":[],"class_list":["post-2809","post","type-post","status-publish","format-standard","has-post-thumbnail","hentry","category-maons"],"post_mailing_queue_ids":[],"_links":{"self":[{"href":"https:\/\/agora.xtec.cat\/ceipfmacia-orrius\/wp-json\/wp\/v2\/posts\/2809","targetHints":{"allow":["GET"]}}],"collection":[{"href":"https:\/\/agora.xtec.cat\/ceipfmacia-orrius\/wp-json\/wp\/v2\/posts"}],"about":[{"href":"https:\/\/agora.xtec.cat\/ceipfmacia-orrius\/wp-json\/wp\/v2\/types\/post"}],"author":[{"embeddable":true,"href":"https:\/\/agora.xtec.cat\/ceipfmacia-orrius\/wp-json\/wp\/v2\/users\/17"}],"replies":[{"embeddable":true,"href":"https:\/\/agora.xtec.cat\/ceipfmacia-orrius\/wp-json\/wp\/v2\/comments?post=2809"}],"version-history":[{"count":3,"href":"https:\/\/agora.xtec.cat\/ceipfmacia-orrius\/wp-json\/wp\/v2\/posts\/2809\/revisions"}],"predecessor-version":[{"id":3838,"href":"https:\/\/agora.xtec.cat\/ceipfmacia-orrius\/wp-json\/wp\/v2\/posts\/2809\/revisions\/3838"}],"wp:featuredmedia":[{"embeddable":true,"href":"https:\/\/agora.xtec.cat\/ceipfmacia-orrius\/wp-json\/wp\/v2\/media\/2811"}],"wp:attachment":[{"href":"https:\/\/agora.xtec.cat\/ceipfmacia-orrius\/wp-json\/wp\/v2\/media?parent=2809"}],"wp:term":[{"taxonomy":"category","embeddable":true,"href":"https:\/\/agora.xtec.cat\/ceipfmacia-orrius\/wp-json\/wp\/v2\/categories?post=2809"},{"taxonomy":"post_tag","embeddable":true,"href":"https:\/\/agora.xtec.cat\/ceipfmacia-orrius\/wp-json\/wp\/v2\/tags?post=2809"}],"curies":[{"name":"wp","href":"https:\/\/api.w.org\/{rel}","templated":true}]}}