{"id":2793,"date":"2022-06-29T18:06:22","date_gmt":"2022-06-29T16:06:22","guid":{"rendered":"https:\/\/agora.xtec.cat\/ceipfmacia-orrius\/?p=2793"},"modified":"2024-04-29T17:03:31","modified_gmt":"2024-04-29T15:03:31","slug":"el-monstre-de-colors-calma","status":"publish","type":"post","link":"https:\/\/agora.xtec.cat\/ceipfmacia-orrius\/infantil\/el-monstre-de-colors-calma\/","title":{"rendered":"El Monstre de Colors: calma!"},"content":{"rendered":"<p>Aquest tercer trimestre ens ha acompanyat el monstre de la calma. Amb el monstre hem fet i decorat el nostre rac\u00f3 de la calma, i sempre que ho necessitem hi podem anar una estona per estar tranquils! Amb el monstre i la granota Lola hem apr\u00e8s algunes t\u00e8cniques de meditaci\u00f3 com el SA TA NA MA, que ens ha encantat! Tamb\u00e9 hem fet l\u2019ampolla de la calma i ens ha agradat molt com ha quedat! Hi ha moltes coses que ens poden ajudar a estar tranquils i en calma! Mireu que bonic ha quedat tot!<\/p>\n","protected":false},"excerpt":{"rendered":"<p>Aquest tercer trimestre ens ha acompanyat el monstre de la calma. Amb el monstre hem fet i decorat el nostre rac\u00f3 de la calma, i sempre que ho necessitem hi podem anar una estona per estar tranquils! Amb el monstre i la granota Lola hem&hellip;  <a href=\"https:\/\/agora.xtec.cat\/ceipfmacia-orrius\/infantil\/el-monstre-de-colors-calma\/\" title=\"Read El Monstre de Colors: calma!\">Llegeix m\u00e9s\u00bb<\/a><\/p>\n","protected":false},"author":17,"featured_media":2794,"comment_status":"open","ping_status":"closed","sticky":false,"template":"","format":"standard","meta":{"_bbp_topic_count":0,"_bbp_reply_count":0,"_bbp_total_topic_count":0,"_bbp_total_reply_count":0,"_bbp_voice_count":0,"_bbp_anonymous_reply_count":0,"_bbp_topic_count_hidden":0,"_bbp_reply_count_hidden":0,"_bbp_forum_subforum_count":0,"footnotes":""},"categories":[2,3,8],"tags":[],"class_list":["post-2793","post","type-post","status-publish","format-standard","has-post-thumbnail","hentry","category-infantil","category-maons","category-aquatics-infantil"],"post_mailing_queue_ids":[],"_links":{"self":[{"href":"https:\/\/agora.xtec.cat\/ceipfmacia-orrius\/wp-json\/wp\/v2\/posts\/2793","targetHints":{"allow":["GET"]}}],"collection":[{"href":"https:\/\/agora.xtec.cat\/ceipfmacia-orrius\/wp-json\/wp\/v2\/posts"}],"about":[{"href":"https:\/\/agora.xtec.cat\/ceipfmacia-orrius\/wp-json\/wp\/v2\/types\/post"}],"author":[{"embeddable":true,"href":"https:\/\/agora.xtec.cat\/ceipfmacia-orrius\/wp-json\/wp\/v2\/users\/17"}],"replies":[{"embeddable":true,"href":"https:\/\/agora.xtec.cat\/ceipfmacia-orrius\/wp-json\/wp\/v2\/comments?post=2793"}],"version-history":[{"count":4,"href":"https:\/\/agora.xtec.cat\/ceipfmacia-orrius\/wp-json\/wp\/v2\/posts\/2793\/revisions"}],"predecessor-version":[{"id":3831,"href":"https:\/\/agora.xtec.cat\/ceipfmacia-orrius\/wp-json\/wp\/v2\/posts\/2793\/revisions\/3831"}],"wp:featuredmedia":[{"embeddable":true,"href":"https:\/\/agora.xtec.cat\/ceipfmacia-orrius\/wp-json\/wp\/v2\/media\/2794"}],"wp:attachment":[{"href":"https:\/\/agora.xtec.cat\/ceipfmacia-orrius\/wp-json\/wp\/v2\/media?parent=2793"}],"wp:term":[{"taxonomy":"category","embeddable":true,"href":"https:\/\/agora.xtec.cat\/ceipfmacia-orrius\/wp-json\/wp\/v2\/categories?post=2793"},{"taxonomy":"post_tag","embeddable":true,"href":"https:\/\/agora.xtec.cat\/ceipfmacia-orrius\/wp-json\/wp\/v2\/tags?post=2793"}],"curies":[{"name":"wp","href":"https:\/\/api.w.org\/{rel}","templated":true}]}}