{"id":2777,"date":"2022-06-10T18:19:23","date_gmt":"2022-06-10T16:19:23","guid":{"rendered":"https:\/\/agora.xtec.cat\/ceipfmacia-orrius\/?p=2777"},"modified":"2024-04-29T17:07:49","modified_gmt":"2024-04-29T15:07:49","slug":"anem-a-la-garrotxa","status":"publish","type":"post","link":"https:\/\/agora.xtec.cat\/ceipfmacia-orrius\/infantil\/anem-a-la-garrotxa\/","title":{"rendered":"Anem a la Garrotxa!"},"content":{"rendered":"<p>Aquesta setmana, com a cloenda dels nostres projectes sobre els volcans hem anat a visitar la Garrotxa per veure de m\u00e9s a prop aquests volcans tan especials! Hem pujat en un trenet i hem recorregut la zona volc\u00e0nica, admirant el volc\u00e0 Croscat i el Santa Margarida! Despr\u00e9s hem anat a l\u2019espai Cr\u00e0ter, al costat del volc\u00e0 Montsacopa, on ens han explicat moltes coses dels volcans, dels tipus d\u2019erupcions, dels materials que surten..Tamb\u00e9 hem vist un muntatge molt interessant per entendre com es va formar la zona volc\u00e0nica de la Garrotxa! Ha estat molt interessant i ens ha agradat molt! Ens hagu\u00e9s agradat pujar al Montsacopa, per\u00f2 haur\u00e0 de ser un altre dia! Aqu\u00ed podeu veure les fotos! <\/p>\n","protected":false},"excerpt":{"rendered":"<p>Aquesta setmana, com a cloenda dels nostres projectes sobre els volcans hem anat a visitar la Garrotxa per veure de m\u00e9s a prop aquests volcans tan especials! Hem pujat en un trenet i hem recorregut la zona volc\u00e0nica, admirant el volc\u00e0 Croscat i el Santa&hellip;  <a href=\"https:\/\/agora.xtec.cat\/ceipfmacia-orrius\/infantil\/anem-a-la-garrotxa\/\" title=\"Read Anem a la Garrotxa!\">Llegeix m\u00e9s\u00bb<\/a><\/p>\n","protected":false},"author":17,"featured_media":2778,"comment_status":"open","ping_status":"closed","sticky":false,"template":"","format":"standard","meta":{"_bbp_topic_count":0,"_bbp_reply_count":0,"_bbp_total_topic_count":0,"_bbp_total_reply_count":0,"_bbp_voice_count":0,"_bbp_anonymous_reply_count":0,"_bbp_topic_count_hidden":0,"_bbp_reply_count_hidden":0,"_bbp_forum_subforum_count":0,"footnotes":""},"categories":[2,3,8],"tags":[],"class_list":["post-2777","post","type-post","status-publish","format-standard","has-post-thumbnail","hentry","category-infantil","category-maons","category-aquatics-infantil"],"post_mailing_queue_ids":[],"_links":{"self":[{"href":"https:\/\/agora.xtec.cat\/ceipfmacia-orrius\/wp-json\/wp\/v2\/posts\/2777","targetHints":{"allow":["GET"]}}],"collection":[{"href":"https:\/\/agora.xtec.cat\/ceipfmacia-orrius\/wp-json\/wp\/v2\/posts"}],"about":[{"href":"https:\/\/agora.xtec.cat\/ceipfmacia-orrius\/wp-json\/wp\/v2\/types\/post"}],"author":[{"embeddable":true,"href":"https:\/\/agora.xtec.cat\/ceipfmacia-orrius\/wp-json\/wp\/v2\/users\/17"}],"replies":[{"embeddable":true,"href":"https:\/\/agora.xtec.cat\/ceipfmacia-orrius\/wp-json\/wp\/v2\/comments?post=2777"}],"version-history":[{"count":4,"href":"https:\/\/agora.xtec.cat\/ceipfmacia-orrius\/wp-json\/wp\/v2\/posts\/2777\/revisions"}],"predecessor-version":[{"id":3836,"href":"https:\/\/agora.xtec.cat\/ceipfmacia-orrius\/wp-json\/wp\/v2\/posts\/2777\/revisions\/3836"}],"wp:featuredmedia":[{"embeddable":true,"href":"https:\/\/agora.xtec.cat\/ceipfmacia-orrius\/wp-json\/wp\/v2\/media\/2778"}],"wp:attachment":[{"href":"https:\/\/agora.xtec.cat\/ceipfmacia-orrius\/wp-json\/wp\/v2\/media?parent=2777"}],"wp:term":[{"taxonomy":"category","embeddable":true,"href":"https:\/\/agora.xtec.cat\/ceipfmacia-orrius\/wp-json\/wp\/v2\/categories?post=2777"},{"taxonomy":"post_tag","embeddable":true,"href":"https:\/\/agora.xtec.cat\/ceipfmacia-orrius\/wp-json\/wp\/v2\/tags?post=2777"}],"curies":[{"name":"wp","href":"https:\/\/api.w.org\/{rel}","templated":true}]}}