{"id":2774,"date":"2022-05-30T17:21:54","date_gmt":"2022-05-30T15:21:54","guid":{"rendered":"https:\/\/agora.xtec.cat\/ceipfmacia-orrius\/?p=2774"},"modified":"2024-04-29T17:08:08","modified_gmt":"2024-04-29T15:08:08","slug":"visitem-el-jardi-botanic-dorrius","status":"publish","type":"post","link":"https:\/\/agora.xtec.cat\/ceipfmacia-orrius\/infantil\/visitem-el-jardi-botanic-dorrius\/","title":{"rendered":"Visitem el Jard\u00ed Bot\u00e0nic d&#8217;\u00d2rrius!"},"content":{"rendered":"<p>Aquesta setmana hem anat a visitar el Jard\u00ed Bot\u00e0nic que l\u2019Andreu i la Margarida tenen a la seva casa, aqu\u00ed a \u00d2rrius! L\u2019Andreu ens ha parlat dels ocells que viuen al seu jard\u00ed i tamb\u00e9 dels que el visiten cada any i tamb\u00e9 els hem pogut veure en les fotografies que els ha fet al llarg dels anys! Ens ha agradat molt passejar pel bonic jard\u00ed, descobrir plantes i arbres aut\u00f2ctons i tamb\u00e9 altres que han vingut des de llocs m\u00e9s llunyans! El jard\u00ed \u00e9s ple de racons bonics per aturar-se i contemplar les plantes, les flors i els elements decoratius que amb tanta paci\u00e8ncia la Margarida ha anat fent! Moltes gr\u00e0cies per convidar-nos Andreu i Margarida! Ens ha encantat i tamb\u00e9 hem apr\u00e8s un munt de coses sobre la natura i els ocells!<\/p>\n","protected":false},"excerpt":{"rendered":"<p>Aquesta setmana hem anat a visitar el Jard\u00ed Bot\u00e0nic que l\u2019Andreu i la Margarida tenen a la seva casa, aqu\u00ed a \u00d2rrius! L\u2019Andreu ens ha parlat dels ocells que viuen al seu jard\u00ed i tamb\u00e9 dels que el visiten cada any i tamb\u00e9 els hem&hellip;  <a href=\"https:\/\/agora.xtec.cat\/ceipfmacia-orrius\/infantil\/visitem-el-jardi-botanic-dorrius\/\" title=\"Read Visitem el Jard\u00ed Bot\u00e0nic d&#8217;\u00d2rrius!\">Llegeix m\u00e9s\u00bb<\/a><\/p>\n","protected":false},"author":17,"featured_media":2775,"comment_status":"open","ping_status":"closed","sticky":false,"template":"","format":"standard","meta":{"_bbp_topic_count":0,"_bbp_reply_count":0,"_bbp_total_topic_count":0,"_bbp_total_reply_count":0,"_bbp_voice_count":0,"_bbp_anonymous_reply_count":0,"_bbp_topic_count_hidden":0,"_bbp_reply_count_hidden":0,"_bbp_forum_subforum_count":0,"footnotes":""},"categories":[2,3,8],"tags":[],"class_list":["post-2774","post","type-post","status-publish","format-standard","has-post-thumbnail","hentry","category-infantil","category-maons","category-aquatics-infantil"],"post_mailing_queue_ids":[],"_links":{"self":[{"href":"https:\/\/agora.xtec.cat\/ceipfmacia-orrius\/wp-json\/wp\/v2\/posts\/2774","targetHints":{"allow":["GET"]}}],"collection":[{"href":"https:\/\/agora.xtec.cat\/ceipfmacia-orrius\/wp-json\/wp\/v2\/posts"}],"about":[{"href":"https:\/\/agora.xtec.cat\/ceipfmacia-orrius\/wp-json\/wp\/v2\/types\/post"}],"author":[{"embeddable":true,"href":"https:\/\/agora.xtec.cat\/ceipfmacia-orrius\/wp-json\/wp\/v2\/users\/17"}],"replies":[{"embeddable":true,"href":"https:\/\/agora.xtec.cat\/ceipfmacia-orrius\/wp-json\/wp\/v2\/comments?post=2774"}],"version-history":[{"count":3,"href":"https:\/\/agora.xtec.cat\/ceipfmacia-orrius\/wp-json\/wp\/v2\/posts\/2774\/revisions"}],"predecessor-version":[{"id":3837,"href":"https:\/\/agora.xtec.cat\/ceipfmacia-orrius\/wp-json\/wp\/v2\/posts\/2774\/revisions\/3837"}],"wp:featuredmedia":[{"embeddable":true,"href":"https:\/\/agora.xtec.cat\/ceipfmacia-orrius\/wp-json\/wp\/v2\/media\/2775"}],"wp:attachment":[{"href":"https:\/\/agora.xtec.cat\/ceipfmacia-orrius\/wp-json\/wp\/v2\/media?parent=2774"}],"wp:term":[{"taxonomy":"category","embeddable":true,"href":"https:\/\/agora.xtec.cat\/ceipfmacia-orrius\/wp-json\/wp\/v2\/categories?post=2774"},{"taxonomy":"post_tag","embeddable":true,"href":"https:\/\/agora.xtec.cat\/ceipfmacia-orrius\/wp-json\/wp\/v2\/tags?post=2774"}],"curies":[{"name":"wp","href":"https:\/\/api.w.org\/{rel}","templated":true}]}}