{"id":2756,"date":"2022-07-23T11:26:00","date_gmt":"2022-07-23T09:26:00","guid":{"rendered":"https:\/\/agora.xtec.cat\/ceipfmacia-orrius\/?p=2756"},"modified":"2022-07-23T11:26:00","modified_gmt":"2022-07-23T09:26:00","slug":"com-gestionar-les-emocions","status":"publish","type":"post","link":"https:\/\/agora.xtec.cat\/ceipfmacia-orrius\/portada\/com-gestionar-les-emocions\/","title":{"rendered":"Com gestionar les emocions"},"content":{"rendered":"<p>El passat 16 de juny fam\u00edlies i metres \u00a0v\u00e0rem poder gaudir de la xerrada sobre com gestionar les emocions amb la docent i psicopedagoga Maria Helena Tolosa.<\/p>\n<p>D\u2019aquesta en v\u00e0rem extreure <span style=\"text-decoration: underline;\"><strong>tres idees claus<\/strong><\/span>:<\/p>\n<ol>\n<li>Les emocions s\u00f3n necess\u00e0ries per la nostra superviv\u00e8ncia. Visualitzem-les com un carro de cavalls, el carro \u00e9s el nostre cos, el cotxer la nostra ment i les emocions s\u00f3n els cavalls. Necess\u00e0ries per viure, per\u00f2 que hem d\u2019aprendre a conduir.<img loading=\"lazy\" decoding=\"async\" class=\"aligncenter\" src=\"http:\/\/2.bp.blogspot.com\/-m-cmgL3qZNI\/UEkWLdKKm8I\/AAAAAAAAJ8k\/VChrP0JiUC8\/s1600\/carruatge4.jpg\" alt=\"Metamorfosi personal, el BLOC!: Les emocions que ens mouen\" width=\"727\" height=\"339\" \/><\/li>\n<li>Per poder ajudar als nostres fills hem de tenir cura de les pr\u00f2pies, ser-ne conscients, frenar els pensaments estressants i utilitzar un llenguatge positiu.<\/li>\n<li>Hem d&#8217;acompanyar als nostres fills i filles en el coneixement de les emocions, no es poden negar, cal viure\u2019ls i acompanyar en la gesti\u00f3 d\u2019aquestes.<\/li>\n<\/ol>\n<p><strong>I Recordeu:<\/strong><\/p>\n<p>Tots fem les coses el millor que podem i el millor que sabem&#8230; respecte, empatia, compassi\u00f3 i AMABILITAT. No saben amb quines sabates camina l\u2019altra persona.<\/p>\n<p>Les expectatives s\u00f3n la for\u00e7a m\u00e9s poderosa en les relacions humanes. Tingues unes expectatives positives i reals dels teus fills.<\/p>\n<p>Us adjuntem els apunts i recursos que l\u2019Helena ens va fer arribar.<\/p>\n<p><a href=\"https:\/\/agora.xtec.cat\/ceipfmacia-orrius\/wp-content\/uploads\/usu2067\/2022\/07\/EMOCIONAT-2022.pdf\">EMOCIONAT 2022<\/a><\/p>\n","protected":false},"excerpt":{"rendered":"<p>El passat 16 de juny fam\u00edlies i metres \u00a0v\u00e0rem poder gaudir de la xerrada sobre com gestionar les emocions amb la docent i psicopedagoga Maria Helena Tolosa.<br \/>\nD\u2019aquesta en v\u00e0rem extreure tres idees claus:<\/p>\n<ol>\n<li>Les emocions s\u00f3n necess\u00e0ries per la nostra superviv\u00e8ncia. Visualitzem-les com un carro de&hellip;  <a href=\"https:\/\/agora.xtec.cat\/ceipfmacia-orrius\/portada\/com-gestionar-les-emocions\/\" title=\"Read Com gestionar les emocions\">Llegeix m\u00e9s\u00bb<\/a><br \/>\n","protected":false},"author":4,"featured_media":2760,"comment_status":"open","ping_status":"closed","sticky":false,"template":"","format":"standard","meta":{"_bbp_topic_count":0,"_bbp_reply_count":0,"_bbp_total_topic_count":0,"_bbp_total_reply_count":0,"_bbp_voice_count":0,"_bbp_anonymous_reply_count":0,"_bbp_topic_count_hidden":0,"_bbp_reply_count_hidden":0,"_bbp_forum_subforum_count":0,"footnotes":""},"categories":[134,4],"tags":[],"class_list":["post-2756","post","type-post","status-publish","format-standard","has-post-thumbnail","hentry","category-espai-families","category-portada"],"post_mailing_queue_ids":[],"_links":{"self":[{"href":"https:\/\/agora.xtec.cat\/ceipfmacia-orrius\/wp-json\/wp\/v2\/posts\/2756","targetHints":{"allow":["GET"]}}],"collection":[{"href":"https:\/\/agora.xtec.cat\/ceipfmacia-orrius\/wp-json\/wp\/v2\/posts"}],"about":[{"href":"https:\/\/agora.xtec.cat\/ceipfmacia-orrius\/wp-json\/wp\/v2\/types\/post"}],"author":[{"embeddable":true,"href":"https:\/\/agora.xtec.cat\/ceipfmacia-orrius\/wp-json\/wp\/v2\/users\/4"}],"replies":[{"embeddable":true,"href":"https:\/\/agora.xtec.cat\/ceipfmacia-orrius\/wp-json\/wp\/v2\/comments?post=2756"}],"version-history":[{"count":3,"href":"https:\/\/agora.xtec.cat\/ceipfmacia-orrius\/wp-json\/wp\/v2\/posts\/2756\/revisions"}],"predecessor-version":[{"id":2761,"href":"https:\/\/agora.xtec.cat\/ceipfmacia-orrius\/wp-json\/wp\/v2\/posts\/2756\/revisions\/2761"}],"wp:featuredmedia":[{"embeddable":true,"href":"https:\/\/agora.xtec.cat\/ceipfmacia-orrius\/wp-json\/wp\/v2\/media\/2760"}],"wp:attachment":[{"href":"https:\/\/agora.xtec.cat\/ceipfmacia-orrius\/wp-json\/wp\/v2\/media?parent=2756"}],"wp:term":[{"taxonomy":"category","embeddable":true,"href":"https:\/\/agora.xtec.cat\/ceipfmacia-orrius\/wp-json\/wp\/v2\/categories?post=2756"},{"taxonomy":"post_tag","embeddable":true,"href":"https:\/\/agora.xtec.cat\/ceipfmacia-orrius\/wp-json\/wp\/v2\/tags?post=2756"}],"curies":[{"name":"wp","href":"https:\/\/api.w.org\/{rel}","templated":true}]}}