{"id":2736,"date":"2022-06-19T20:54:55","date_gmt":"2022-06-19T18:54:55","guid":{"rendered":"https:\/\/agora.xtec.cat\/ceipfmacia-orrius\/?p=2736"},"modified":"2022-06-19T20:54:55","modified_gmt":"2022-06-19T18:54:55","slug":"festa-final-de-curs-21-22","status":"publish","type":"post","link":"https:\/\/agora.xtec.cat\/ceipfmacia-orrius\/general\/festa-final-de-curs-21-22\/","title":{"rendered":"Festa Final de Curs 21-22"},"content":{"rendered":"<p>Aquest diumenge dia 19 de juny hem celebrat la Festa de Final de curs. Un curs encara complicat, a les acaballes de la covid-19, per\u00f2 amb moltes viv\u00e8ncies fant\u00e0stiques que de ben segur ens han aportat coses positives a tots i totes!<\/p>\n<p>La Festa ha estat un gran \u00e8xit de participaci\u00f3, organitzaci\u00f3, conviv\u00e8ncia i moltes ganes de passar-ho b\u00e9. Volem agrair molt especialment a l&#8217;AFI per tot el desenvolupament de la festa, aix\u00ed com a tots aquells i aquelles que heu col\u00b7laborat d&#8217;una manera o altra. GR\u00c0CIES!<\/p>\n<p>Durant la festa tamb\u00e9 ens hem acomiadat dels nens i nenes de 6\u00e8 que l&#8217;any que ve ja marxen cap a l&#8217;Institut. Estem molt segurs que el cam\u00ed que avui emprenen estar\u00e0 ple d&#8217;\u00e8xits! Enhorabona per la graduaci\u00f3!<\/p>\n<p><a href=\"https:\/\/photos.app.goo.gl\/dAUFxeTJeyH48BgD6\">Aqu\u00ed<\/a> us deixem fotografies i v\u00eddeos d&#8217;aquesta magn\u00edfica festa.<\/p>\n","protected":false},"excerpt":{"rendered":"<p>Aquest diumenge dia 19 de juny hem celebrat la Festa de Final de curs. Un curs encara complicat, a les acaballes de la covid-19, per\u00f2 amb moltes viv\u00e8ncies fant\u00e0stiques que de ben segur ens han aportat coses positives a tots i totes!<br \/>\nLa Festa ha estat&hellip;  <a href=\"https:\/\/agora.xtec.cat\/ceipfmacia-orrius\/general\/festa-final-de-curs-21-22\/\" title=\"Read Festa Final de Curs 21-22\">Llegeix m\u00e9s\u00bb<\/a><\/p>\n","protected":false},"author":36,"featured_media":2737,"comment_status":"open","ping_status":"closed","sticky":false,"template":"","format":"standard","meta":{"_bbp_topic_count":0,"_bbp_reply_count":0,"_bbp_total_topic_count":0,"_bbp_total_reply_count":0,"_bbp_voice_count":0,"_bbp_anonymous_reply_count":0,"_bbp_topic_count_hidden":0,"_bbp_reply_count_hidden":0,"_bbp_forum_subforum_count":0,"footnotes":""},"categories":[7,10,67,1,3,13,8,14,4],"tags":[],"class_list":["post-2736","post","type-post","status-publish","format-standard","has-post-thumbnail","hentry","category-afi","category-anelles-olimpiques","category-festes","category-general","category-maons","category-mascotes-olimpiques","category-aquatics-infantil","category-porcs-senglars","category-portada"],"post_mailing_queue_ids":[],"_links":{"self":[{"href":"https:\/\/agora.xtec.cat\/ceipfmacia-orrius\/wp-json\/wp\/v2\/posts\/2736","targetHints":{"allow":["GET"]}}],"collection":[{"href":"https:\/\/agora.xtec.cat\/ceipfmacia-orrius\/wp-json\/wp\/v2\/posts"}],"about":[{"href":"https:\/\/agora.xtec.cat\/ceipfmacia-orrius\/wp-json\/wp\/v2\/types\/post"}],"author":[{"embeddable":true,"href":"https:\/\/agora.xtec.cat\/ceipfmacia-orrius\/wp-json\/wp\/v2\/users\/36"}],"replies":[{"embeddable":true,"href":"https:\/\/agora.xtec.cat\/ceipfmacia-orrius\/wp-json\/wp\/v2\/comments?post=2736"}],"version-history":[{"count":1,"href":"https:\/\/agora.xtec.cat\/ceipfmacia-orrius\/wp-json\/wp\/v2\/posts\/2736\/revisions"}],"predecessor-version":[{"id":2738,"href":"https:\/\/agora.xtec.cat\/ceipfmacia-orrius\/wp-json\/wp\/v2\/posts\/2736\/revisions\/2738"}],"wp:featuredmedia":[{"embeddable":true,"href":"https:\/\/agora.xtec.cat\/ceipfmacia-orrius\/wp-json\/wp\/v2\/media\/2737"}],"wp:attachment":[{"href":"https:\/\/agora.xtec.cat\/ceipfmacia-orrius\/wp-json\/wp\/v2\/media?parent=2736"}],"wp:term":[{"taxonomy":"category","embeddable":true,"href":"https:\/\/agora.xtec.cat\/ceipfmacia-orrius\/wp-json\/wp\/v2\/categories?post=2736"},{"taxonomy":"post_tag","embeddable":true,"href":"https:\/\/agora.xtec.cat\/ceipfmacia-orrius\/wp-json\/wp\/v2\/tags?post=2736"}],"curies":[{"name":"wp","href":"https:\/\/api.w.org\/{rel}","templated":true}]}}