{"id":2723,"date":"2022-06-10T23:55:19","date_gmt":"2022-06-10T21:55:19","guid":{"rendered":"https:\/\/agora.xtec.cat\/ceipfmacia-orrius\/?p=2723"},"modified":"2022-06-10T23:58:17","modified_gmt":"2022-06-10T21:58:17","slug":"canco-lava-i-roquetes-cicle-infantil-21-22","status":"publish","type":"post","link":"https:\/\/agora.xtec.cat\/ceipfmacia-orrius\/infantil\/canco-lava-i-roquetes-cicle-infantil-21-22\/","title":{"rendered":"CAN\u00c7\u00d3 &#8220;Lava i Roquetes&#8221; (cicle infantil 21-22)"},"content":{"rendered":"<p><a href=\"https:\/\/agora.xtec.cat\/ceipfmacia-orrius\/wp-content\/uploads\/usu2067\/2022\/06\/sessio-lava-roquetes-1.png\"><img loading=\"lazy\" decoding=\"async\" class=\"alignnone size-full wp-image-2720\" src=\"https:\/\/agora.xtec.cat\/ceipfmacia-orrius\/wp-content\/uploads\/usu2067\/2022\/06\/sessio-lava-roquetes-1.png\" alt=\"\" width=\"1024\" height=\"728\" srcset=\"https:\/\/agora.xtec.cat\/ceipfmacia-orrius\/wp-content\/uploads\/usu2067\/2022\/06\/sessio-lava-roquetes-1.png 1024w, https:\/\/agora.xtec.cat\/ceipfmacia-orrius\/wp-content\/uploads\/usu2067\/2022\/06\/sessio-lava-roquetes-1-300x213.png 300w, https:\/\/agora.xtec.cat\/ceipfmacia-orrius\/wp-content\/uploads\/usu2067\/2022\/06\/sessio-lava-roquetes-1-768x546.png 768w\" sizes=\"auto, (max-width: 1024px) 100vw, 1024px\" \/><\/a><\/p>\n<p>(SESSI\u00d3 DE GRAVACI\u00d3 &#8220;LAVA I ROQUETES&#8221;)<\/p>\n<p style=\"text-align: justify;\">Durant algunes sessions de m\u00fasica, hem estat assajant una versi\u00f3 pr\u00f2pia de la can\u00e7\u00f3 &#8220;Lava&#8221; de Disney Pixar. La lletra ha estat adaptada amb el nom de &#8220;Lava i Roquetes&#8221;, relacionada amb el cicle d&#8217;infantil d&#8217;aquest any, ja que amb les tutores han estat treballant sobre els volcans.<\/p>\n<p style=\"text-align: justify;\">Aquesta setmana, l&#8217;hem pogut gravar una mica com si f\u00f3ssim a un estudi de gravaci\u00f3, amb l&#8217;ordinador i un programa d&#8217;enregistrament amb totes les seves pistes que anaven avan\u00e7ant a mesura que s&#8217;anava gravant. Ha estat una feina de molta concentraci\u00f3 i ho hem repetit unes quantes vegades. L&#8217;esfor\u00e7, ha valgut la pena!<\/p>\n<p style=\"text-align: justify;\">Aqu\u00ed us la deixem!<\/p>\n<!--[if lt IE 9]><script>document.createElement('audio');<\/script><![endif]-->\n\t<div class=\"wp-playlist wp-audio-playlist wp-playlist-light\">\n\t\t\t<div class=\"wp-playlist-current-item\"><\/div>\n\t\t<audio controls=\"controls\" preload=\"none\" width=\"640\"\n\t\t\t><\/audio>\n\t<div class=\"wp-playlist-next\"><\/div>\n\t<div class=\"wp-playlist-prev\"><\/div>\n\t<noscript>\n\t<ol>\n\t\t<li><a href='https:\/\/agora.xtec.cat\/ceipfmacia-orrius\/wp-content\/uploads\/usu2067\/2022\/06\/canc\u0327o\u0301-laves-i-roquetes.mp3'>canc\u0327o\u0301 \"lava i roquetes\"<\/a><\/li>\t<\/ol>\n\t<\/noscript>\n\t<script type=\"application\/json\" class=\"wp-playlist-script\">{\"type\":\"audio\",\"tracklist\":true,\"tracknumbers\":true,\"images\":true,\"artists\":true,\"tracks\":[{\"src\":\"https:\\\/\\\/agora.xtec.cat\\\/ceipfmacia-orrius\\\/wp-content\\\/uploads\\\/usu2067\\\/2022\\\/06\\\/canc\\u0327o\\u0301-laves-i-roquetes.mp3\",\"type\":\"audio\\\/mpeg\",\"title\":\"canc\\u0327o\\u0301 \\\"lava i roquetes\\\"\",\"caption\":\"\",\"description\":\"\\\"canc\\u0327o\\u0301 laves i roquetes\\\".\",\"meta\":{\"artist\":\"Cicle infantil 2021 (escola d'\\u00d2rrius)\",\"length_formatted\":\"2:03\"},\"image\":{\"src\":\"https:\\\/\\\/agora.xtec.cat\\\/ceipfmacia-orrius\\\/wp-includes\\\/images\\\/media\\\/audio.svg\",\"width\":48,\"height\":64},\"thumb\":{\"src\":\"https:\\\/\\\/agora.xtec.cat\\\/ceipfmacia-orrius\\\/wp-includes\\\/images\\\/media\\\/audio.svg\",\"width\":48,\"height\":64}}]}<\/script>\n<\/div>\n\t\n<p>&#8220;Som un cicle molt potent:<\/p>\n<p>Laves, roques, molt ardents.<\/p>\n<p>Del magma sorgim.<\/p>\n<p>Heu d&#8217;estar ben atents.<\/p>\n<p>Quan sentim un moviment<\/p>\n<p>i una esquerda es fa present,<\/p>\n<p>no hi ha qui ens aturi,<\/p>\n<p>fem erupcions al vent.<\/p>\n<p>Investiguem i els volcans coneixem;<\/p>\n<p>les capes terrestres tots junts travessem.<\/p>\n<p>Som forts valents i anem avan\u00e7ant.<\/p>\n<p>El m\u00f3n amb nosaltres promet!&#8221;<\/p>\n","protected":false},"excerpt":{"rendered":"<p><a href=\"https:\/\/agora.xtec.cat\/ceipfmacia-orrius\/wp-content\/uploads\/usu2067\/2022\/06\/sessio-lava-roquetes-1.png\"><\/a><br \/>\n(SESSI\u00d3 DE GRAVACI\u00d3 &#8220;LAVA I ROQUETES&#8221;)<br \/>\nDurant algunes sessions de m\u00fasica, hem estat assajant una versi\u00f3 pr\u00f2pia de la can\u00e7\u00f3 &#8220;Lava&#8221; de Disney Pixar. La lletra ha estat adaptada amb el nom de &#8220;Lava i Roquetes&#8221;, relacionada amb el cicle d&#8217;infantil d&#8217;aquest any, ja que&hellip;  <a href=\"https:\/\/agora.xtec.cat\/ceipfmacia-orrius\/infantil\/canco-lava-i-roquetes-cicle-infantil-21-22\/\" title=\"Read CAN\u00c7\u00d3 &#8220;Lava i Roquetes&#8221; (cicle infantil 21-22)\">Llegeix m\u00e9s\u00bb<\/a><\/p>\n","protected":false},"author":13,"featured_media":2720,"comment_status":"open","ping_status":"closed","sticky":false,"template":"","format":"standard","meta":{"_bbp_topic_count":0,"_bbp_reply_count":0,"_bbp_total_topic_count":0,"_bbp_total_reply_count":0,"_bbp_voice_count":0,"_bbp_anonymous_reply_count":0,"_bbp_topic_count_hidden":0,"_bbp_reply_count_hidden":0,"_bbp_forum_subforum_count":0,"footnotes":""},"categories":[2,70],"tags":[],"class_list":["post-2723","post","type-post","status-publish","format-standard","has-post-thumbnail","hentry","category-infantil","category-musica"],"post_mailing_queue_ids":[],"_links":{"self":[{"href":"https:\/\/agora.xtec.cat\/ceipfmacia-orrius\/wp-json\/wp\/v2\/posts\/2723","targetHints":{"allow":["GET"]}}],"collection":[{"href":"https:\/\/agora.xtec.cat\/ceipfmacia-orrius\/wp-json\/wp\/v2\/posts"}],"about":[{"href":"https:\/\/agora.xtec.cat\/ceipfmacia-orrius\/wp-json\/wp\/v2\/types\/post"}],"author":[{"embeddable":true,"href":"https:\/\/agora.xtec.cat\/ceipfmacia-orrius\/wp-json\/wp\/v2\/users\/13"}],"replies":[{"embeddable":true,"href":"https:\/\/agora.xtec.cat\/ceipfmacia-orrius\/wp-json\/wp\/v2\/comments?post=2723"}],"version-history":[{"count":3,"href":"https:\/\/agora.xtec.cat\/ceipfmacia-orrius\/wp-json\/wp\/v2\/posts\/2723\/revisions"}],"predecessor-version":[{"id":2728,"href":"https:\/\/agora.xtec.cat\/ceipfmacia-orrius\/wp-json\/wp\/v2\/posts\/2723\/revisions\/2728"}],"wp:featuredmedia":[{"embeddable":true,"href":"https:\/\/agora.xtec.cat\/ceipfmacia-orrius\/wp-json\/wp\/v2\/media\/2720"}],"wp:attachment":[{"href":"https:\/\/agora.xtec.cat\/ceipfmacia-orrius\/wp-json\/wp\/v2\/media?parent=2723"}],"wp:term":[{"taxonomy":"category","embeddable":true,"href":"https:\/\/agora.xtec.cat\/ceipfmacia-orrius\/wp-json\/wp\/v2\/categories?post=2723"},{"taxonomy":"post_tag","embeddable":true,"href":"https:\/\/agora.xtec.cat\/ceipfmacia-orrius\/wp-json\/wp\/v2\/tags?post=2723"}],"curies":[{"name":"wp","href":"https:\/\/api.w.org\/{rel}","templated":true}]}}