{"id":2697,"date":"2022-06-10T08:00:57","date_gmt":"2022-06-10T06:00:57","guid":{"rendered":"https:\/\/agora.xtec.cat\/ceipfmacia-orrius\/?p=2697"},"modified":"2022-06-09T23:37:23","modified_gmt":"2022-06-09T21:37:23","slug":"la-gestio-de-les-emocions-les-seves-i-les-nostres","status":"publish","type":"post","link":"https:\/\/agora.xtec.cat\/ceipfmacia-orrius\/afi\/la-gestio-de-les-emocions-les-seves-i-les-nostres\/","title":{"rendered":"La gesti\u00f3 de les emocions, les seves i les nostres"},"content":{"rendered":"<p><a href=\"https:\/\/agora.xtec.cat\/ceipfmacia-orrius\/wp-content\/uploads\/usu2067\/2022\/06\/xerrada-emocions-42-\u00d7-29.7-cm.png\"><img loading=\"lazy\" decoding=\"async\" class=\"alignnone  wp-image-2698\" src=\"https:\/\/agora.xtec.cat\/ceipfmacia-orrius\/wp-content\/uploads\/usu2067\/2022\/06\/xerrada-emocions-42-\u00d7-29.7-cm-300x212.png\" alt=\"\" width=\"412\" height=\"291\" srcset=\"https:\/\/agora.xtec.cat\/ceipfmacia-orrius\/wp-content\/uploads\/usu2067\/2022\/06\/xerrada-emocions-42-\u00d7-29.7-cm-300x212.png 300w, https:\/\/agora.xtec.cat\/ceipfmacia-orrius\/wp-content\/uploads\/usu2067\/2022\/06\/xerrada-emocions-42-\u00d7-29.7-cm-1024x724.png 1024w, https:\/\/agora.xtec.cat\/ceipfmacia-orrius\/wp-content\/uploads\/usu2067\/2022\/06\/xerrada-emocions-42-\u00d7-29.7-cm-768x543.png 768w, https:\/\/agora.xtec.cat\/ceipfmacia-orrius\/wp-content\/uploads\/usu2067\/2022\/06\/xerrada-emocions-42-\u00d7-29.7-cm-1536x1086.png 1536w, https:\/\/agora.xtec.cat\/ceipfmacia-orrius\/wp-content\/uploads\/usu2067\/2022\/06\/xerrada-emocions-42-\u00d7-29.7-cm.png 2000w\" sizes=\"auto, (max-width: 412px) 100vw, 412px\" \/><\/a><\/p>\n<p>Des de la comissi\u00f3 de conviv\u00e8ncia hem preparat una xerrada per continuar reflexionat i compartint el proc\u00e9s d&#8217;educaci\u00f3 dels alumnes del centre.<\/p>\n<p>Aquesta vegada volem parlar sobre<b><u>\u00a0la gesti\u00f3 de les emocions, les seves i les nostres<\/u><\/b>, ja que tots detectem que l&#8217;efecte de viure un per\u00edode de pand\u00e8mia com el que hem viscut han passat factura a infants i adults en aquest aspecte.<\/p>\n<p>Per aix\u00f2 us convidem a la xerrada que es dur\u00e0 a terme<b><u>\u00a0el pr\u00f2xim 16 de juny a les 17:15 a l&#8217;escola<\/u><\/b>. Aquesta la dur\u00e0 a terme la\u00a0<a href=\"https:\/\/www.mhelenatolosa.com\/\" target=\"_blank\" rel=\"noopener\" data-saferedirecturl=\"https:\/\/www.google.com\/url?q=https:\/\/www.mhelenatolosa.com\/&amp;source=gmail&amp;ust=1654896956779000&amp;usg=AOvVaw09LMGc2tQefMPPj5QO2IPU\">Maria Helena Tolosa<\/a>, docent, logopeda i psicopedagoga.<\/p>\n<p>Per facilitar la vostra participaci\u00f3 des de l&#8217;AFI\u00a0s&#8217;organitza servei d&#8217;acollida.<\/p>\n<p>Us preguem que per poder organitzar l&#8217;activitat i el servei d&#8217;acollida confirmeu pr\u00e8viament la vostra assist\u00e8ncia contestant\u00a0<a href=\"https:\/\/forms.gle\/SXmZvEeWQbjJ8fmG7\" target=\"_blank\" rel=\"noopener\" data-saferedirecturl=\"https:\/\/www.google.com\/url?q=https:\/\/forms.gle\/SXmZvEeWQbjJ8fmG7&amp;source=gmail&amp;ust=1654896956779000&amp;usg=AOvVaw0BMEmHn7eLz5PRa25W4Ob7\">aquest formulari<\/a>\u00a0abans de dimarts 14 de juny.<\/p>\n","protected":false},"excerpt":{"rendered":"<p><a href=\"https:\/\/agora.xtec.cat\/ceipfmacia-orrius\/wp-content\/uploads\/usu2067\/2022\/06\/xerrada-emocions-42-\u00d7-29.7-cm.png\"><\/a><br \/>\nDes de la comissi\u00f3 de conviv\u00e8ncia hem preparat una xerrada per continuar reflexionat i compartint el proc\u00e9s d&#8217;educaci\u00f3 dels alumnes del centre.<br \/>\nAquesta vegada volem parlar sobre\u00a0la gesti\u00f3 de les emocions, les seves i les nostres, ja que tots detectem que l&#8217;efecte de viure un&hellip;  <a href=\"https:\/\/agora.xtec.cat\/ceipfmacia-orrius\/afi\/la-gestio-de-les-emocions-les-seves-i-les-nostres\/\" title=\"Read La gesti\u00f3 de les emocions, les seves i les nostres\">Llegeix m\u00e9s\u00bb<\/a><\/p>\n","protected":false},"author":1,"featured_media":0,"comment_status":"open","ping_status":"closed","sticky":false,"template":"","format":"standard","meta":{"_bbp_topic_count":0,"_bbp_reply_count":0,"_bbp_total_topic_count":0,"_bbp_total_reply_count":0,"_bbp_voice_count":0,"_bbp_anonymous_reply_count":0,"_bbp_topic_count_hidden":0,"_bbp_reply_count_hidden":0,"_bbp_forum_subforum_count":0,"footnotes":""},"categories":[7,134],"tags":[],"class_list":["post-2697","post","type-post","status-publish","format-standard","hentry","category-afi","category-espai-families"],"post_mailing_queue_ids":[],"_links":{"self":[{"href":"https:\/\/agora.xtec.cat\/ceipfmacia-orrius\/wp-json\/wp\/v2\/posts\/2697","targetHints":{"allow":["GET"]}}],"collection":[{"href":"https:\/\/agora.xtec.cat\/ceipfmacia-orrius\/wp-json\/wp\/v2\/posts"}],"about":[{"href":"https:\/\/agora.xtec.cat\/ceipfmacia-orrius\/wp-json\/wp\/v2\/types\/post"}],"author":[{"embeddable":true,"href":"https:\/\/agora.xtec.cat\/ceipfmacia-orrius\/wp-json\/wp\/v2\/users\/1"}],"replies":[{"embeddable":true,"href":"https:\/\/agora.xtec.cat\/ceipfmacia-orrius\/wp-json\/wp\/v2\/comments?post=2697"}],"version-history":[{"count":1,"href":"https:\/\/agora.xtec.cat\/ceipfmacia-orrius\/wp-json\/wp\/v2\/posts\/2697\/revisions"}],"predecessor-version":[{"id":2699,"href":"https:\/\/agora.xtec.cat\/ceipfmacia-orrius\/wp-json\/wp\/v2\/posts\/2697\/revisions\/2699"}],"wp:attachment":[{"href":"https:\/\/agora.xtec.cat\/ceipfmacia-orrius\/wp-json\/wp\/v2\/media?parent=2697"}],"wp:term":[{"taxonomy":"category","embeddable":true,"href":"https:\/\/agora.xtec.cat\/ceipfmacia-orrius\/wp-json\/wp\/v2\/categories?post=2697"},{"taxonomy":"post_tag","embeddable":true,"href":"https:\/\/agora.xtec.cat\/ceipfmacia-orrius\/wp-json\/wp\/v2\/tags?post=2697"}],"curies":[{"name":"wp","href":"https:\/\/api.w.org\/{rel}","templated":true}]}}