{"id":2683,"date":"2022-06-03T16:00:41","date_gmt":"2022-06-03T14:00:41","guid":{"rendered":"https:\/\/agora.xtec.cat\/ceipfmacia-orrius\/?p=2683"},"modified":"2022-07-28T17:26:23","modified_gmt":"2022-07-28T15:26:23","slug":"exposicions-orals-foc","status":"publish","type":"post","link":"https:\/\/agora.xtec.cat\/ceipfmacia-orrius\/ci\/anelles-olimpiques\/exposicions-orals-foc\/","title":{"rendered":"Exposicions orals FOC!"},"content":{"rendered":"<p>Hola fam\u00edlies!<\/p>\n<p>Ja portem dues setmanes que els alumnes de la classe del FOC han comen\u00e7at a fer les exposicions davant tota l&#8217;escola. Els de 2n han presentat artistes i els de 1r animals ex\u00f2tics.<\/p>\n<p>Es nota que estan treballant molt a casa perqu\u00e8 estan sortint genials! Felicitats a tots els que ja ho han fet i a les fam\u00edlies! I \u00e0nims pels que ho faran properament! \ud83d\ude42<\/p>\n<p><a href=\"https:\/\/photos.app.goo.gl\/hE6PYXkvLgygqMph9\">Aqu\u00ed<\/a> us deixem un recull de fotografies de tots ells i elles!<\/p>\n","protected":false},"excerpt":{"rendered":"<p>Hola fam\u00edlies!<br \/>\nJa portem dues setmanes que els alumnes de la classe del FOC han comen\u00e7at a fer les exposicions davant tota l&#8217;escola. Els de 2n han presentat artistes i els de 1r animals ex\u00f2tics.<br \/>\nEs nota que estan treballant molt a casa perqu\u00e8 estan sortint genials!&hellip;  <a href=\"https:\/\/agora.xtec.cat\/ceipfmacia-orrius\/ci\/anelles-olimpiques\/exposicions-orals-foc\/\" title=\"Read Exposicions orals FOC!\">Llegeix m\u00e9s\u00bb<\/a><\/p>\n","protected":false},"author":29,"featured_media":2684,"comment_status":"open","ping_status":"closed","sticky":false,"template":"","format":"standard","meta":{"_bbp_topic_count":0,"_bbp_reply_count":0,"_bbp_total_topic_count":0,"_bbp_total_reply_count":0,"_bbp_voice_count":0,"_bbp_anonymous_reply_count":0,"_bbp_topic_count_hidden":0,"_bbp_reply_count_hidden":0,"_bbp_forum_subforum_count":0,"footnotes":""},"categories":[10],"tags":[],"class_list":["post-2683","post","type-post","status-publish","format-standard","has-post-thumbnail","hentry","category-anelles-olimpiques"],"post_mailing_queue_ids":[],"_links":{"self":[{"href":"https:\/\/agora.xtec.cat\/ceipfmacia-orrius\/wp-json\/wp\/v2\/posts\/2683","targetHints":{"allow":["GET"]}}],"collection":[{"href":"https:\/\/agora.xtec.cat\/ceipfmacia-orrius\/wp-json\/wp\/v2\/posts"}],"about":[{"href":"https:\/\/agora.xtec.cat\/ceipfmacia-orrius\/wp-json\/wp\/v2\/types\/post"}],"author":[{"embeddable":true,"href":"https:\/\/agora.xtec.cat\/ceipfmacia-orrius\/wp-json\/wp\/v2\/users\/29"}],"replies":[{"embeddable":true,"href":"https:\/\/agora.xtec.cat\/ceipfmacia-orrius\/wp-json\/wp\/v2\/comments?post=2683"}],"version-history":[{"count":3,"href":"https:\/\/agora.xtec.cat\/ceipfmacia-orrius\/wp-json\/wp\/v2\/posts\/2683\/revisions"}],"predecessor-version":[{"id":2762,"href":"https:\/\/agora.xtec.cat\/ceipfmacia-orrius\/wp-json\/wp\/v2\/posts\/2683\/revisions\/2762"}],"wp:featuredmedia":[{"embeddable":true,"href":"https:\/\/agora.xtec.cat\/ceipfmacia-orrius\/wp-json\/wp\/v2\/media\/2684"}],"wp:attachment":[{"href":"https:\/\/agora.xtec.cat\/ceipfmacia-orrius\/wp-json\/wp\/v2\/media?parent=2683"}],"wp:term":[{"taxonomy":"category","embeddable":true,"href":"https:\/\/agora.xtec.cat\/ceipfmacia-orrius\/wp-json\/wp\/v2\/categories?post=2683"},{"taxonomy":"post_tag","embeddable":true,"href":"https:\/\/agora.xtec.cat\/ceipfmacia-orrius\/wp-json\/wp\/v2\/tags?post=2683"}],"curies":[{"name":"wp","href":"https:\/\/api.w.org\/{rel}","templated":true}]}}