{"id":2678,"date":"2022-05-11T22:56:34","date_gmt":"2022-05-11T20:56:34","guid":{"rendered":"https:\/\/agora.xtec.cat\/ceipfmacia-orrius\/?p=2678"},"modified":"2022-07-28T17:33:53","modified_gmt":"2022-07-28T15:33:53","slug":"excursio-a-linstitut-catala-de-paleontologia","status":"publish","type":"post","link":"https:\/\/agora.xtec.cat\/ceipfmacia-orrius\/ci\/anelles-olimpiques\/excursio-a-linstitut-catala-de-paleontologia\/","title":{"rendered":"Excursi\u00f3 a l&#8217;Institut Catal\u00e0 de Paleontologia!"},"content":{"rendered":"<p>La investigaci\u00f3 que estem duent a terme a la classe del Foc sobre els \u00f2ssos ens va portar, en el seu dia, a enterrar \u00f2ssos en un forat a terra al nostre pati.<\/p>\n<p>Aquest darrer trimestre, les nostres investigacions ens han portat a preguntar-nos sobre els f\u00f2ssils i per aix\u00f2 hem anat a visitar l&#8217;<a href=\"https:\/\/www.icp.cat\/index.php\/ca\/\">Institut Catal\u00e0 de Paleontologia a Sabadell<\/a>.<\/p>\n<p>Gr\u00e0cies a les explicacions de la N\u00faria, hem descartat que els \u00f2ssos que vam enterrar s&#8217;hagin convertit en f\u00f2ssils per\u00f2 ens va donar moltes idees per quan haguem de desenterrar els nostres \u00f2ssos i comprovar les hip\u00f2tesis!<\/p>\n<p>Finalment vam aprofitar per visitar el Parc de Catalunya, ens ho vam passar pipa!!<\/p>\n<p>Us deixem algunes fotografies i uns v\u00eddeos molt divertits!<\/p>\n<p><a href=\"https:\/\/photos.app.goo.gl\/Ux9AZdr97ptNiX6B7\">Fotografies<\/a><\/p>\n<p>V\u00eddeo fent de paleont\u00f2legs!! &#8211;&gt; <a href=\"https:\/\/youtube.com\/shorts\/7JtA6fXJCdo?feature=share\">https:\/\/youtube.com\/shorts\/7JtA6fXJCdo?feature=share<\/a><\/p>\n<p><iframe loading=\"lazy\" title=\"YouTube video player\" src=\"https:\/\/www.youtube.com\/embed\/7RBRJweBpEo\" width=\"560\" height=\"315\" frameborder=\"0\" allowfullscreen=\"allowfullscreen\"><\/iframe><\/p>\n","protected":false},"excerpt":{"rendered":"<p>La investigaci\u00f3 que estem duent a terme a la classe del Foc sobre els \u00f2ssos ens va portar, en el seu dia, a enterrar \u00f2ssos en un forat a terra al nostre pati.<br \/>\nAquest darrer trimestre, les nostres investigacions ens han portat a preguntar-nos sobre els&hellip;  <a href=\"https:\/\/agora.xtec.cat\/ceipfmacia-orrius\/ci\/anelles-olimpiques\/excursio-a-linstitut-catala-de-paleontologia\/\" title=\"Read Excursi\u00f3 a l&#8217;Institut Catal\u00e0 de Paleontologia!\">Llegeix m\u00e9s\u00bb<\/a><\/p>\n","protected":false},"author":29,"featured_media":2679,"comment_status":"open","ping_status":"closed","sticky":false,"template":"","format":"standard","meta":{"_bbp_topic_count":0,"_bbp_reply_count":0,"_bbp_total_topic_count":0,"_bbp_total_reply_count":0,"_bbp_voice_count":0,"_bbp_anonymous_reply_count":0,"_bbp_topic_count_hidden":0,"_bbp_reply_count_hidden":0,"_bbp_forum_subforum_count":0,"footnotes":""},"categories":[10],"tags":[],"class_list":["post-2678","post","type-post","status-publish","format-standard","has-post-thumbnail","hentry","category-anelles-olimpiques"],"post_mailing_queue_ids":[],"_links":{"self":[{"href":"https:\/\/agora.xtec.cat\/ceipfmacia-orrius\/wp-json\/wp\/v2\/posts\/2678","targetHints":{"allow":["GET"]}}],"collection":[{"href":"https:\/\/agora.xtec.cat\/ceipfmacia-orrius\/wp-json\/wp\/v2\/posts"}],"about":[{"href":"https:\/\/agora.xtec.cat\/ceipfmacia-orrius\/wp-json\/wp\/v2\/types\/post"}],"author":[{"embeddable":true,"href":"https:\/\/agora.xtec.cat\/ceipfmacia-orrius\/wp-json\/wp\/v2\/users\/29"}],"replies":[{"embeddable":true,"href":"https:\/\/agora.xtec.cat\/ceipfmacia-orrius\/wp-json\/wp\/v2\/comments?post=2678"}],"version-history":[{"count":2,"href":"https:\/\/agora.xtec.cat\/ceipfmacia-orrius\/wp-json\/wp\/v2\/posts\/2678\/revisions"}],"predecessor-version":[{"id":2765,"href":"https:\/\/agora.xtec.cat\/ceipfmacia-orrius\/wp-json\/wp\/v2\/posts\/2678\/revisions\/2765"}],"wp:featuredmedia":[{"embeddable":true,"href":"https:\/\/agora.xtec.cat\/ceipfmacia-orrius\/wp-json\/wp\/v2\/media\/2679"}],"wp:attachment":[{"href":"https:\/\/agora.xtec.cat\/ceipfmacia-orrius\/wp-json\/wp\/v2\/media?parent=2678"}],"wp:term":[{"taxonomy":"category","embeddable":true,"href":"https:\/\/agora.xtec.cat\/ceipfmacia-orrius\/wp-json\/wp\/v2\/categories?post=2678"},{"taxonomy":"post_tag","embeddable":true,"href":"https:\/\/agora.xtec.cat\/ceipfmacia-orrius\/wp-json\/wp\/v2\/tags?post=2678"}],"curies":[{"name":"wp","href":"https:\/\/api.w.org\/{rel}","templated":true}]}}