{"id":2642,"date":"2022-03-21T13:12:00","date_gmt":"2022-03-21T12:12:00","guid":{"rendered":"https:\/\/agora.xtec.cat\/ceipfmacia-orrius\/?p=2642"},"modified":"2024-04-29T17:13:04","modified_gmt":"2024-04-29T15:13:04","slug":"feinejant-pel-racons-2","status":"publish","type":"post","link":"https:\/\/agora.xtec.cat\/ceipfmacia-orrius\/infantil\/feinejant-pel-racons-2\/","title":{"rendered":"Feinejant pel racons 2"},"content":{"rendered":"<p>Com cada trimestre seguim feinejant pels nostres racons tant de matem\u00e0tiques com de llengua! Tamb\u00e9 hem iniciat nous racons simb\u00f2lics i experimentals! Hem jugat amb els cotxes, els animals, amb l\u2019hospital i tamb\u00e9 hem apr\u00e8s a retallar! I com sempre seguim anant a l\u2019hort per tenir cura de tot el que hi tenim plantat! De tant en tant fem una bona collita! Aqu\u00ed teniu les fotos!<\/p>\n","protected":false},"excerpt":{"rendered":"<p>Com cada trimestre seguim feinejant pels nostres racons tant de matem\u00e0tiques com de llengua! Tamb\u00e9 hem iniciat nous racons simb\u00f2lics i experimentals! Hem jugat amb els cotxes, els animals, amb l\u2019hospital i tamb\u00e9 hem apr\u00e8s a retallar! I com sempre seguim anant a l\u2019hort per&hellip;  <a href=\"https:\/\/agora.xtec.cat\/ceipfmacia-orrius\/infantil\/feinejant-pel-racons-2\/\" title=\"Read Feinejant pel racons 2\">Llegeix m\u00e9s\u00bb<\/a><\/p>\n","protected":false},"author":17,"featured_media":2644,"comment_status":"open","ping_status":"closed","sticky":false,"template":"","format":"standard","meta":{"_bbp_topic_count":0,"_bbp_reply_count":0,"_bbp_total_topic_count":0,"_bbp_total_reply_count":0,"_bbp_voice_count":0,"_bbp_anonymous_reply_count":0,"_bbp_topic_count_hidden":0,"_bbp_reply_count_hidden":0,"_bbp_forum_subforum_count":0,"footnotes":""},"categories":[2,3,8],"tags":[],"class_list":["post-2642","post","type-post","status-publish","format-standard","has-post-thumbnail","hentry","category-infantil","category-maons","category-aquatics-infantil"],"post_mailing_queue_ids":[],"_links":{"self":[{"href":"https:\/\/agora.xtec.cat\/ceipfmacia-orrius\/wp-json\/wp\/v2\/posts\/2642","targetHints":{"allow":["GET"]}}],"collection":[{"href":"https:\/\/agora.xtec.cat\/ceipfmacia-orrius\/wp-json\/wp\/v2\/posts"}],"about":[{"href":"https:\/\/agora.xtec.cat\/ceipfmacia-orrius\/wp-json\/wp\/v2\/types\/post"}],"author":[{"embeddable":true,"href":"https:\/\/agora.xtec.cat\/ceipfmacia-orrius\/wp-json\/wp\/v2\/users\/17"}],"replies":[{"embeddable":true,"href":"https:\/\/agora.xtec.cat\/ceipfmacia-orrius\/wp-json\/wp\/v2\/comments?post=2642"}],"version-history":[{"count":4,"href":"https:\/\/agora.xtec.cat\/ceipfmacia-orrius\/wp-json\/wp\/v2\/posts\/2642\/revisions"}],"predecessor-version":[{"id":3850,"href":"https:\/\/agora.xtec.cat\/ceipfmacia-orrius\/wp-json\/wp\/v2\/posts\/2642\/revisions\/3850"}],"wp:featuredmedia":[{"embeddable":true,"href":"https:\/\/agora.xtec.cat\/ceipfmacia-orrius\/wp-json\/wp\/v2\/media\/2644"}],"wp:attachment":[{"href":"https:\/\/agora.xtec.cat\/ceipfmacia-orrius\/wp-json\/wp\/v2\/media?parent=2642"}],"wp:term":[{"taxonomy":"category","embeddable":true,"href":"https:\/\/agora.xtec.cat\/ceipfmacia-orrius\/wp-json\/wp\/v2\/categories?post=2642"},{"taxonomy":"post_tag","embeddable":true,"href":"https:\/\/agora.xtec.cat\/ceipfmacia-orrius\/wp-json\/wp\/v2\/tags?post=2642"}],"curies":[{"name":"wp","href":"https:\/\/api.w.org\/{rel}","templated":true}]}}