{"id":2614,"date":"2022-04-28T13:21:47","date_gmt":"2022-04-28T11:21:47","guid":{"rendered":"https:\/\/agora.xtec.cat\/ceipfmacia-orrius\/?p=2614"},"modified":"2022-04-28T13:25:48","modified_gmt":"2022-04-28T11:25:48","slug":"recollida-de-piles-i-bateries","status":"publish","type":"post","link":"https:\/\/agora.xtec.cat\/ceipfmacia-orrius\/portada\/recollida-de-piles-i-bateries\/","title":{"rendered":"Recollida de piles i bateries"},"content":{"rendered":"<p style=\"font-weight: 400;\">La nostra escola participa, des de fa uns anys, al programa &#8220;Les piles al planeta reciclatge&#8221;. La nostra missi\u00f3 \u00e9s la recollida de piles esgotades. Som una part fonamental de la Missi\u00f3 Apilo XII, on ens hem d&#8217;encarregar de recollir i portar als punts de recollida selectiva Apilo totes les piles, bateries i acumuladors esgotats que puguem perqu\u00e8 es reciclin correctament.<\/p>\n<p>Podeu trobar els punts de recollida a la nostra escola, a l&#8217;Ajuntament d&#8217;\u00d2rrius i al Forn de pa d&#8217;\u00d2rrius.<\/p>\n<p>Aquest punt\u00a0estaran actius durant diferents\u00a0per\u00edodes\u00a0de l&#8217;any tot i que durant aquest mes es far\u00e0 una recollida per part de l&#8217;entitat organitzadora, per\u00a0tant,\u00a0si teniu piles o bateries gastades us recomanem que les apropeu als bidons de recollida durant els\u00a0dies vinents.<\/p>\n<p>Aquesta\u00a0<span class=\"hiddenSpellError\">mti<\/span>\u00a0hem donat a l&#8217;alumnat petits contenidors per poder recollir-les a casa.<\/p>\n<p style=\"font-weight: 400;\"><a href=\"https:\/\/agora.xtec.cat\/ceipfmacia-orrius\/wp-content\/uploads\/usu2067\/2022\/04\/cartell-apilo.png\"><img loading=\"lazy\" decoding=\"async\" class=\"alignnone wp-image-2615\" src=\"https:\/\/agora.xtec.cat\/ceipfmacia-orrius\/wp-content\/uploads\/usu2067\/2022\/04\/cartell-apilo-212x300.png\" alt=\"\" width=\"345\" height=\"488\" srcset=\"https:\/\/agora.xtec.cat\/ceipfmacia-orrius\/wp-content\/uploads\/usu2067\/2022\/04\/cartell-apilo-212x300.png 212w, https:\/\/agora.xtec.cat\/ceipfmacia-orrius\/wp-content\/uploads\/usu2067\/2022\/04\/cartell-apilo-724x1024.png 724w, https:\/\/agora.xtec.cat\/ceipfmacia-orrius\/wp-content\/uploads\/usu2067\/2022\/04\/cartell-apilo-768x1086.png 768w, https:\/\/agora.xtec.cat\/ceipfmacia-orrius\/wp-content\/uploads\/usu2067\/2022\/04\/cartell-apilo-1086x1536.png 1086w, https:\/\/agora.xtec.cat\/ceipfmacia-orrius\/wp-content\/uploads\/usu2067\/2022\/04\/cartell-apilo-1448x2048.png 1448w, https:\/\/agora.xtec.cat\/ceipfmacia-orrius\/wp-content\/uploads\/usu2067\/2022\/04\/cartell-apilo.png 1587w\" sizes=\"auto, (max-width: 345px) 100vw, 345px\" \/><\/a><\/p>\n<p style=\"font-weight: 400;\">Gr\u00e0cies per la vostra col\u00b7laboraci\u00f3<\/p>\n","protected":false},"excerpt":{"rendered":"<p>La nostra escola participa, des de fa uns anys, al programa &#8220;Les piles al planeta reciclatge&#8221;. La nostra missi\u00f3 \u00e9s la recollida de piles esgotades. Som una part fonamental de la Missi\u00f3 Apilo XII, on ens hem d&#8217;encarregar de recollir i portar als punts de&hellip;  <a href=\"https:\/\/agora.xtec.cat\/ceipfmacia-orrius\/portada\/recollida-de-piles-i-bateries\/\" title=\"Read Recollida de piles i bateries\">Llegeix m\u00e9s\u00bb<\/a><\/p>\n","protected":false},"author":1,"featured_media":2615,"comment_status":"open","ping_status":"closed","sticky":false,"template":"","format":"standard","meta":{"_bbp_topic_count":0,"_bbp_reply_count":0,"_bbp_total_topic_count":0,"_bbp_total_reply_count":0,"_bbp_voice_count":0,"_bbp_anonymous_reply_count":0,"_bbp_topic_count_hidden":0,"_bbp_reply_count_hidden":0,"_bbp_forum_subforum_count":0,"footnotes":""},"categories":[4],"tags":[],"class_list":["post-2614","post","type-post","status-publish","format-standard","has-post-thumbnail","hentry","category-portada"],"post_mailing_queue_ids":[],"_links":{"self":[{"href":"https:\/\/agora.xtec.cat\/ceipfmacia-orrius\/wp-json\/wp\/v2\/posts\/2614","targetHints":{"allow":["GET"]}}],"collection":[{"href":"https:\/\/agora.xtec.cat\/ceipfmacia-orrius\/wp-json\/wp\/v2\/posts"}],"about":[{"href":"https:\/\/agora.xtec.cat\/ceipfmacia-orrius\/wp-json\/wp\/v2\/types\/post"}],"author":[{"embeddable":true,"href":"https:\/\/agora.xtec.cat\/ceipfmacia-orrius\/wp-json\/wp\/v2\/users\/1"}],"replies":[{"embeddable":true,"href":"https:\/\/agora.xtec.cat\/ceipfmacia-orrius\/wp-json\/wp\/v2\/comments?post=2614"}],"version-history":[{"count":2,"href":"https:\/\/agora.xtec.cat\/ceipfmacia-orrius\/wp-json\/wp\/v2\/posts\/2614\/revisions"}],"predecessor-version":[{"id":2617,"href":"https:\/\/agora.xtec.cat\/ceipfmacia-orrius\/wp-json\/wp\/v2\/posts\/2614\/revisions\/2617"}],"wp:featuredmedia":[{"embeddable":true,"href":"https:\/\/agora.xtec.cat\/ceipfmacia-orrius\/wp-json\/wp\/v2\/media\/2615"}],"wp:attachment":[{"href":"https:\/\/agora.xtec.cat\/ceipfmacia-orrius\/wp-json\/wp\/v2\/media?parent=2614"}],"wp:term":[{"taxonomy":"category","embeddable":true,"href":"https:\/\/agora.xtec.cat\/ceipfmacia-orrius\/wp-json\/wp\/v2\/categories?post=2614"},{"taxonomy":"post_tag","embeddable":true,"href":"https:\/\/agora.xtec.cat\/ceipfmacia-orrius\/wp-json\/wp\/v2\/tags?post=2614"}],"curies":[{"name":"wp","href":"https:\/\/api.w.org\/{rel}","templated":true}]}}