{"id":2600,"date":"2022-04-20T22:19:18","date_gmt":"2022-04-20T20:19:18","guid":{"rendered":"https:\/\/agora.xtec.cat\/ceipfmacia-orrius\/?p=2600"},"modified":"2022-04-25T13:15:40","modified_gmt":"2022-04-25T11:15:40","slug":"colonies-la-ruca","status":"publish","type":"post","link":"https:\/\/agora.xtec.cat\/ceipfmacia-orrius\/general\/colonies-la-ruca\/","title":{"rendered":"Col\u00f2nies La Ruca"},"content":{"rendered":"<p>Hola fam\u00edlies!<\/p>\n<p>Ja hem passat el primer dia a la casa de col\u00f2nies! Ens ho estem passant molt b\u00e9! No patiu!<\/p>\n<p>Us deixem un enlla\u00e7 amb fotografies del 1r dia (s&#8217;aniran carregant mica en mica&#8230; la connexi\u00f3 a la muntanya no \u00e9s massa bona).<\/p>\n<p>FOTOS 1R DIA:<br \/>\n<a href=\"https:\/\/photos.app.goo.gl\/yHkbHx9hUJJhMpCN9\">https:\/\/photos.app.goo.gl\/yHkbHx9hUJJhMpCN9<\/a><\/p>\n<p>FOTOS 2N DIA:<br \/>\n<a href=\"https:\/\/photos.app.goo.gl\/ghvecnr8uUUE7rxt7\">https:\/\/photos.app.goo.gl\/ghvecnr8uUUE7rxt7<\/a><\/p>\n<p>FOTOS 3R DIA:<br \/>\n<a href=\"https:\/\/photos.google.com\/album\/AF1QipNZPgoIBoafAqTGVhDg9otXwVLdG9qdQiTJ6fvV\">https:\/\/photos.google.com\/album\/AF1QipNZPgoIBoafAqTGVhDg9otXwVLdG9qdQiTJ6fvV<\/a><\/p>\n","protected":false},"excerpt":{"rendered":"<p>Hola fam\u00edlies!<br \/>\nJa hem passat el primer dia a la casa de col\u00f2nies! Ens ho estem passant molt b\u00e9! No patiu!<br \/>\nUs deixem un enlla\u00e7 amb fotografies del 1r dia (s&#8217;aniran carregant mica en mica&#8230; la connexi\u00f3 a la muntanya no \u00e9s massa bona).<br \/>\nFOTOS 1R DIA:<br \/>\n<a href=\"https:\/\/photos.app.goo.gl\/yHkbHx9hUJJhMpCN9\">https:\/\/photos.app.goo.gl\/yHkbHx9hUJJhMpCN9<\/a><br \/>\nFOTOS&hellip;  <a href=\"https:\/\/agora.xtec.cat\/ceipfmacia-orrius\/general\/colonies-la-ruca\/\" title=\"Read Col\u00f2nies La Ruca\">Llegeix m\u00e9s\u00bb<\/a><\/p>\n","protected":false},"author":29,"featured_media":2601,"comment_status":"open","ping_status":"closed","sticky":false,"template":"","format":"standard","meta":{"_bbp_topic_count":0,"_bbp_reply_count":0,"_bbp_total_topic_count":0,"_bbp_total_reply_count":0,"_bbp_voice_count":0,"_bbp_anonymous_reply_count":0,"_bbp_topic_count_hidden":0,"_bbp_reply_count_hidden":0,"_bbp_forum_subforum_count":0,"footnotes":""},"categories":[10,1,3,13,8,14,4],"tags":[],"class_list":["post-2600","post","type-post","status-publish","format-standard","has-post-thumbnail","hentry","category-anelles-olimpiques","category-general","category-maons","category-mascotes-olimpiques","category-aquatics-infantil","category-porcs-senglars","category-portada"],"post_mailing_queue_ids":[],"_links":{"self":[{"href":"https:\/\/agora.xtec.cat\/ceipfmacia-orrius\/wp-json\/wp\/v2\/posts\/2600","targetHints":{"allow":["GET"]}}],"collection":[{"href":"https:\/\/agora.xtec.cat\/ceipfmacia-orrius\/wp-json\/wp\/v2\/posts"}],"about":[{"href":"https:\/\/agora.xtec.cat\/ceipfmacia-orrius\/wp-json\/wp\/v2\/types\/post"}],"author":[{"embeddable":true,"href":"https:\/\/agora.xtec.cat\/ceipfmacia-orrius\/wp-json\/wp\/v2\/users\/29"}],"replies":[{"embeddable":true,"href":"https:\/\/agora.xtec.cat\/ceipfmacia-orrius\/wp-json\/wp\/v2\/comments?post=2600"}],"version-history":[{"count":3,"href":"https:\/\/agora.xtec.cat\/ceipfmacia-orrius\/wp-json\/wp\/v2\/posts\/2600\/revisions"}],"predecessor-version":[{"id":2613,"href":"https:\/\/agora.xtec.cat\/ceipfmacia-orrius\/wp-json\/wp\/v2\/posts\/2600\/revisions\/2613"}],"wp:featuredmedia":[{"embeddable":true,"href":"https:\/\/agora.xtec.cat\/ceipfmacia-orrius\/wp-json\/wp\/v2\/media\/2601"}],"wp:attachment":[{"href":"https:\/\/agora.xtec.cat\/ceipfmacia-orrius\/wp-json\/wp\/v2\/media?parent=2600"}],"wp:term":[{"taxonomy":"category","embeddable":true,"href":"https:\/\/agora.xtec.cat\/ceipfmacia-orrius\/wp-json\/wp\/v2\/categories?post=2600"},{"taxonomy":"post_tag","embeddable":true,"href":"https:\/\/agora.xtec.cat\/ceipfmacia-orrius\/wp-json\/wp\/v2\/tags?post=2600"}],"curies":[{"name":"wp","href":"https:\/\/api.w.org\/{rel}","templated":true}]}}