{"id":2593,"date":"2022-04-01T17:03:25","date_gmt":"2022-04-01T15:03:25","guid":{"rendered":"https:\/\/agora.xtec.cat\/ceipfmacia-orrius\/?p=2593"},"modified":"2024-04-29T17:12:07","modified_gmt":"2024-04-29T15:12:07","slug":"el-monstre-de-colors-la-por","status":"publish","type":"post","link":"https:\/\/agora.xtec.cat\/ceipfmacia-orrius\/infantil\/el-monstre-de-colors-la-por\/","title":{"rendered":"El monstre de colors: la Por!"},"content":{"rendered":"<p>Amb el Monstre de Colors hem treballat el tema de la Por! El monstre, a trav\u00e9s de diferents activitats ens ha ajudat a treure les nostres pors, a parlar-ne, a veure quines coses ens fan por, qu\u00e8 podem fer si tenim por.. Hem escoltat can\u00e7ons que parlen d\u2019aquest tema i tamb\u00e9 hem llegit contes! El monstre ens ha ensenyat a fer la caixa \u201cMenjapors\u201d perqu\u00e8 ens ajudi quan alguna cosa ens espanti! Ens hem fet tos del club dels monstres i ara sabem que moltes de les coses que ens fan por ni tan sols existeixen i fins i tot ens poden divertir! Aqu\u00ed teniu les fotos!<\/p>\n","protected":false},"excerpt":{"rendered":"<p>Amb el Monstre de Colors hem treballat el tema de la Por! El monstre, a trav\u00e9s de diferents activitats ens ha ajudat a treure les nostres pors, a parlar-ne, a veure quines coses ens fan por, qu\u00e8 podem fer si tenim por.. Hem escoltat can\u00e7ons&hellip;  <a href=\"https:\/\/agora.xtec.cat\/ceipfmacia-orrius\/infantil\/el-monstre-de-colors-la-por\/\" title=\"Read El monstre de colors: la Por!\">Llegeix m\u00e9s\u00bb<\/a><\/p>\n","protected":false},"author":17,"featured_media":2594,"comment_status":"open","ping_status":"closed","sticky":false,"template":"","format":"standard","meta":{"_bbp_topic_count":0,"_bbp_reply_count":0,"_bbp_total_topic_count":0,"_bbp_total_reply_count":0,"_bbp_voice_count":0,"_bbp_anonymous_reply_count":0,"_bbp_topic_count_hidden":0,"_bbp_reply_count_hidden":0,"_bbp_forum_subforum_count":0,"footnotes":""},"categories":[2,3,8],"tags":[],"class_list":["post-2593","post","type-post","status-publish","format-standard","has-post-thumbnail","hentry","category-infantil","category-maons","category-aquatics-infantil"],"post_mailing_queue_ids":[],"_links":{"self":[{"href":"https:\/\/agora.xtec.cat\/ceipfmacia-orrius\/wp-json\/wp\/v2\/posts\/2593","targetHints":{"allow":["GET"]}}],"collection":[{"href":"https:\/\/agora.xtec.cat\/ceipfmacia-orrius\/wp-json\/wp\/v2\/posts"}],"about":[{"href":"https:\/\/agora.xtec.cat\/ceipfmacia-orrius\/wp-json\/wp\/v2\/types\/post"}],"author":[{"embeddable":true,"href":"https:\/\/agora.xtec.cat\/ceipfmacia-orrius\/wp-json\/wp\/v2\/users\/17"}],"replies":[{"embeddable":true,"href":"https:\/\/agora.xtec.cat\/ceipfmacia-orrius\/wp-json\/wp\/v2\/comments?post=2593"}],"version-history":[{"count":4,"href":"https:\/\/agora.xtec.cat\/ceipfmacia-orrius\/wp-json\/wp\/v2\/posts\/2593\/revisions"}],"predecessor-version":[{"id":3847,"href":"https:\/\/agora.xtec.cat\/ceipfmacia-orrius\/wp-json\/wp\/v2\/posts\/2593\/revisions\/3847"}],"wp:featuredmedia":[{"embeddable":true,"href":"https:\/\/agora.xtec.cat\/ceipfmacia-orrius\/wp-json\/wp\/v2\/media\/2594"}],"wp:attachment":[{"href":"https:\/\/agora.xtec.cat\/ceipfmacia-orrius\/wp-json\/wp\/v2\/media?parent=2593"}],"wp:term":[{"taxonomy":"category","embeddable":true,"href":"https:\/\/agora.xtec.cat\/ceipfmacia-orrius\/wp-json\/wp\/v2\/categories?post=2593"},{"taxonomy":"post_tag","embeddable":true,"href":"https:\/\/agora.xtec.cat\/ceipfmacia-orrius\/wp-json\/wp\/v2\/tags?post=2593"}],"curies":[{"name":"wp","href":"https:\/\/api.w.org\/{rel}","templated":true}]}}