{"id":2587,"date":"2022-03-30T17:56:53","date_gmt":"2022-03-30T15:56:53","guid":{"rendered":"https:\/\/agora.xtec.cat\/ceipfmacia-orrius\/?p=2587"},"modified":"2024-04-29T17:12:24","modified_gmt":"2024-04-29T15:12:24","slug":"sortides-dentorn2","status":"publish","type":"post","link":"https:\/\/agora.xtec.cat\/ceipfmacia-orrius\/infantil\/sortides-dentorn2\/","title":{"rendered":"Sortides d&#8217;entorn(2)"},"content":{"rendered":"<p>Al llarg d\u2019aquest segon trimestre hem fet sortides d\u2019entorn molt interessants! Al gener v\u00e0rem anar a l\u2019auditori per veure l\u2019espectacle musical \u201cPica-so\u201d i ens va encantar! Tamb\u00e9 v\u00e0rem anar al teatre a Argentona on feien l\u2019espectacle Alma, al voltant de les estacions de l\u2019any! Al gener tamb\u00e9 v\u00e0rem anar a veure els ametllers!<br \/>\nCom cada any el Dijous Llarder \u00e9s el dia de l\u2019excursi\u00f3 llarga i anem fins a Sant Bartomeu tots els nens i nenes de l\u2019escola! Els grans ajuden els m\u00e9s petits a pujar, i val a dir que tots arribem sense cap problema! Un cop all\u00e0 esmorzem, juguem i tamb\u00e9 aprofitem per dibuixar algun dels bonics arbres que hi ha, enguany li ha tocat a l\u2019alzina surera! \u00c9s molt bonica i gran!<br \/>\nL\u2019obra de teatre d&#8217;angl\u00e8s d\u2019aquest curs ha estat sobre el personatge del Pinotxo, ens ha encantat la hist\u00f2ria que ens ha explicat l\u2019actor, hem cantat i ballat amb el Pinotxo!<br \/>\nAqu\u00ed teniu les fotos d\u2019algunes d\u2019aquestes sortides!<\/p>\n<p><\n<\/p>\n","protected":false},"excerpt":{"rendered":"<p>Al llarg d\u2019aquest segon trimestre hem fet sortides d\u2019entorn molt interessants! Al gener v\u00e0rem anar a l\u2019auditori per veure l\u2019espectacle musical \u201cPica-so\u201d i ens va encantar! Tamb\u00e9 v\u00e0rem anar al teatre a Argentona on feien l\u2019espectacle Alma, al voltant de les estacions de l\u2019any! Al&hellip;  <a href=\"https:\/\/agora.xtec.cat\/ceipfmacia-orrius\/infantil\/sortides-dentorn2\/\" title=\"Read Sortides d&#8217;entorn(2)\">Llegeix m\u00e9s\u00bb<\/a><\/p>\n","protected":false},"author":17,"featured_media":2588,"comment_status":"open","ping_status":"closed","sticky":false,"template":"","format":"standard","meta":{"_bbp_topic_count":0,"_bbp_reply_count":0,"_bbp_total_topic_count":0,"_bbp_total_reply_count":0,"_bbp_voice_count":0,"_bbp_anonymous_reply_count":0,"_bbp_topic_count_hidden":0,"_bbp_reply_count_hidden":0,"_bbp_forum_subforum_count":0,"footnotes":""},"categories":[2,3,8],"tags":[],"class_list":["post-2587","post","type-post","status-publish","format-standard","has-post-thumbnail","hentry","category-infantil","category-maons","category-aquatics-infantil"],"post_mailing_queue_ids":[],"_links":{"self":[{"href":"https:\/\/agora.xtec.cat\/ceipfmacia-orrius\/wp-json\/wp\/v2\/posts\/2587","targetHints":{"allow":["GET"]}}],"collection":[{"href":"https:\/\/agora.xtec.cat\/ceipfmacia-orrius\/wp-json\/wp\/v2\/posts"}],"about":[{"href":"https:\/\/agora.xtec.cat\/ceipfmacia-orrius\/wp-json\/wp\/v2\/types\/post"}],"author":[{"embeddable":true,"href":"https:\/\/agora.xtec.cat\/ceipfmacia-orrius\/wp-json\/wp\/v2\/users\/17"}],"replies":[{"embeddable":true,"href":"https:\/\/agora.xtec.cat\/ceipfmacia-orrius\/wp-json\/wp\/v2\/comments?post=2587"}],"version-history":[{"count":4,"href":"https:\/\/agora.xtec.cat\/ceipfmacia-orrius\/wp-json\/wp\/v2\/posts\/2587\/revisions"}],"predecessor-version":[{"id":3848,"href":"https:\/\/agora.xtec.cat\/ceipfmacia-orrius\/wp-json\/wp\/v2\/posts\/2587\/revisions\/3848"}],"wp:featuredmedia":[{"embeddable":true,"href":"https:\/\/agora.xtec.cat\/ceipfmacia-orrius\/wp-json\/wp\/v2\/media\/2588"}],"wp:attachment":[{"href":"https:\/\/agora.xtec.cat\/ceipfmacia-orrius\/wp-json\/wp\/v2\/media?parent=2587"}],"wp:term":[{"taxonomy":"category","embeddable":true,"href":"https:\/\/agora.xtec.cat\/ceipfmacia-orrius\/wp-json\/wp\/v2\/categories?post=2587"},{"taxonomy":"post_tag","embeddable":true,"href":"https:\/\/agora.xtec.cat\/ceipfmacia-orrius\/wp-json\/wp\/v2\/tags?post=2587"}],"curies":[{"name":"wp","href":"https:\/\/api.w.org\/{rel}","templated":true}]}}