{"id":2581,"date":"2022-04-04T18:50:22","date_gmt":"2022-04-04T16:50:22","guid":{"rendered":"https:\/\/agora.xtec.cat\/ceipfmacia-orrius\/?p=2581"},"modified":"2024-04-29T17:10:39","modified_gmt":"2024-04-29T15:10:39","slug":"projecte-dels-volcans-1","status":"publish","type":"post","link":"https:\/\/agora.xtec.cat\/ceipfmacia-orrius\/infantil\/maons\/projecte-dels-volcans-1\/","title":{"rendered":"Projecte dels volcans (1)"},"content":{"rendered":"<p>Aquest curs som la classe de la Lava i el nostre projecte gira al voltant dels volcans!  El projecte va comen\u00e7ar perqu\u00e8 al setembre va entrar en erupci\u00f3 el volc\u00e0 Cumbre Vieja, a les Can\u00e0ries, i ens va impactar molt veure les imatges del que estava passant! Despr\u00e9s v\u00e0rem triar cadasc\u00fa de nosaltres un volc\u00e0 del m\u00f3n que ens agradava i v\u00e0rem veure que no tots els volcans s\u00f3n iguals!! Vol\u00edem saber m\u00e9s coses dels volcans!Un dia va arribar la nostra mascota, el volc\u00e0 Rocanegra de la Garrotxa i ell ens ha animat a continuar aprenent moltes coses sobre els volcans: Com neix un volc\u00e0? Qu\u00e8 hi ha a l\u2019interior de la terra? Per qu\u00e8 alguns volcans estan en erupci\u00f3 i altres no? Quin tema tan interessant! I tamb\u00e9 podem fer molts experiments! Aqu\u00ed teniu un primer reportatge sobre el nostre Projecte dels Volcans! Nosaltres seguim!<\/p>\n","protected":false},"excerpt":{"rendered":"<p>Aquest curs som la classe de la Lava i el nostre projecte gira al voltant dels volcans!  El projecte va comen\u00e7ar perqu\u00e8 al setembre va entrar en erupci\u00f3 el volc\u00e0 Cumbre Vieja, a les Can\u00e0ries, i ens va impactar molt veure les imatges del&hellip;  <a href=\"https:\/\/agora.xtec.cat\/ceipfmacia-orrius\/infantil\/maons\/projecte-dels-volcans-1\/\" title=\"Read Projecte dels volcans (1)\">Llegeix m\u00e9s\u00bb<\/a><\/p>\n","protected":false},"author":17,"featured_media":2582,"comment_status":"open","ping_status":"closed","sticky":false,"template":"","format":"standard","meta":{"_bbp_topic_count":0,"_bbp_reply_count":0,"_bbp_total_topic_count":0,"_bbp_total_reply_count":0,"_bbp_voice_count":0,"_bbp_anonymous_reply_count":0,"_bbp_topic_count_hidden":0,"_bbp_reply_count_hidden":0,"_bbp_forum_subforum_count":0,"footnotes":""},"categories":[3],"tags":[],"class_list":["post-2581","post","type-post","status-publish","format-standard","has-post-thumbnail","hentry","category-maons"],"post_mailing_queue_ids":[],"_links":{"self":[{"href":"https:\/\/agora.xtec.cat\/ceipfmacia-orrius\/wp-json\/wp\/v2\/posts\/2581","targetHints":{"allow":["GET"]}}],"collection":[{"href":"https:\/\/agora.xtec.cat\/ceipfmacia-orrius\/wp-json\/wp\/v2\/posts"}],"about":[{"href":"https:\/\/agora.xtec.cat\/ceipfmacia-orrius\/wp-json\/wp\/v2\/types\/post"}],"author":[{"embeddable":true,"href":"https:\/\/agora.xtec.cat\/ceipfmacia-orrius\/wp-json\/wp\/v2\/users\/17"}],"replies":[{"embeddable":true,"href":"https:\/\/agora.xtec.cat\/ceipfmacia-orrius\/wp-json\/wp\/v2\/comments?post=2581"}],"version-history":[{"count":4,"href":"https:\/\/agora.xtec.cat\/ceipfmacia-orrius\/wp-json\/wp\/v2\/posts\/2581\/revisions"}],"predecessor-version":[{"id":3845,"href":"https:\/\/agora.xtec.cat\/ceipfmacia-orrius\/wp-json\/wp\/v2\/posts\/2581\/revisions\/3845"}],"wp:featuredmedia":[{"embeddable":true,"href":"https:\/\/agora.xtec.cat\/ceipfmacia-orrius\/wp-json\/wp\/v2\/media\/2582"}],"wp:attachment":[{"href":"https:\/\/agora.xtec.cat\/ceipfmacia-orrius\/wp-json\/wp\/v2\/media?parent=2581"}],"wp:term":[{"taxonomy":"category","embeddable":true,"href":"https:\/\/agora.xtec.cat\/ceipfmacia-orrius\/wp-json\/wp\/v2\/categories?post=2581"},{"taxonomy":"post_tag","embeddable":true,"href":"https:\/\/agora.xtec.cat\/ceipfmacia-orrius\/wp-json\/wp\/v2\/tags?post=2581"}],"curies":[{"name":"wp","href":"https:\/\/api.w.org\/{rel}","templated":true}]}}