{"id":2575,"date":"2022-02-11T17:41:20","date_gmt":"2022-02-11T16:41:20","guid":{"rendered":"https:\/\/agora.xtec.cat\/ceipfmacia-orrius\/?p=2575"},"modified":"2022-05-03T11:17:51","modified_gmt":"2022-05-03T09:17:51","slug":"protagonista-ladria","status":"publish","type":"post","link":"https:\/\/agora.xtec.cat\/ceipfmacia-orrius\/infantil\/maons\/protagonista-ladria\/","title":{"rendered":"Protagonista: l&#8217;Adri\u00e0!"},"content":{"rendered":"<p>Aquesta setmana l\u2019Adri\u00e0 de P5 ha estat el nostre protagonista! L\u2019Adri\u00e0 ens ha portat la seva caixa dels tresors i ens ha compartit el seu rac\u00f3. A l\u2019aula hem fet activitats com veure si ha crescut molt des de P4,li hem pintat els peus per despr\u00e9s estampar-los en un full..Tamb\u00e9 l\u2019hem dibuixat i li hem escrit unes frases molt boniques perqu\u00e8 l\u2019estimem molt i en tingui un bon record!. Avui divendres la seva mare, l\u2019Anna, ha vingut a l\u2019escola per estar amb nosaltres i explicar-nos com \u00e9s la seva feina. La mare de l\u2019Adri\u00e0 \u00e9s socorrista i monitora de nataci\u00f3! Ens ha ensenyat com hem de nedar per fer-ho molt b\u00e9 i com ser un\/a socorrista de primera! Ens hem guanyat una medalla molt xula perqu\u00e8 ens hi hem esfor\u00e7at molt!Ha estat molt divertit! Moltes gr\u00e0cies Anna i Adri\u00e0, ens ho hem passat molt b\u00e9 I hem apr\u00e8s moltes coses! Aqu\u00ed teniu les fotos!<\/p>\n<p><a href=\"https:\/\/www.kizoa.com\/Video-Editor\/d382915762k1029576o2l1\/2021-22_Protagonista_Adria\" rel=\"noopener\" target=\"_blank\">Cliqueu aqu\u00ed per veure el v\u00eddeo<\/a><\/p>\n<p><iframe loading=\"lazy\" width=\"640\" height=\"360\" frameborder=\"0\" title=\"2021-22 Protagonista Adri\u00e0\" src=\"https:\/\/www.kizoa.com\/embed-382915762-1029576o2l1\" webkitallowfullscreen=\"true\" allowfullscreen=\"true\" mozallowfullscreen=\"true\" ><\/iframe><\/p>\n","protected":false},"excerpt":{"rendered":"<p>Aquesta setmana l\u2019Adri\u00e0 de P5 ha estat el nostre protagonista! L\u2019Adri\u00e0 ens ha portat la seva caixa dels tresors i ens ha compartit el seu rac\u00f3. A l\u2019aula hem fet activitats com veure si ha crescut molt des de P4,li hem pintat els peus per&hellip;  <a href=\"https:\/\/agora.xtec.cat\/ceipfmacia-orrius\/infantil\/maons\/protagonista-ladria\/\" title=\"Read Protagonista: l&#8217;Adri\u00e0!\">Llegeix m\u00e9s\u00bb<\/a><\/p>\n","protected":false},"author":17,"featured_media":2576,"comment_status":"open","ping_status":"closed","sticky":false,"template":"","format":"standard","meta":{"_bbp_topic_count":0,"_bbp_reply_count":0,"_bbp_total_topic_count":0,"_bbp_total_reply_count":0,"_bbp_voice_count":0,"_bbp_anonymous_reply_count":0,"_bbp_topic_count_hidden":0,"_bbp_reply_count_hidden":0,"_bbp_forum_subforum_count":0,"footnotes":""},"categories":[3],"tags":[],"class_list":["post-2575","post","type-post","status-publish","format-standard","has-post-thumbnail","hentry","category-maons"],"post_mailing_queue_ids":[],"_links":{"self":[{"href":"https:\/\/agora.xtec.cat\/ceipfmacia-orrius\/wp-json\/wp\/v2\/posts\/2575","targetHints":{"allow":["GET"]}}],"collection":[{"href":"https:\/\/agora.xtec.cat\/ceipfmacia-orrius\/wp-json\/wp\/v2\/posts"}],"about":[{"href":"https:\/\/agora.xtec.cat\/ceipfmacia-orrius\/wp-json\/wp\/v2\/types\/post"}],"author":[{"embeddable":true,"href":"https:\/\/agora.xtec.cat\/ceipfmacia-orrius\/wp-json\/wp\/v2\/users\/17"}],"replies":[{"embeddable":true,"href":"https:\/\/agora.xtec.cat\/ceipfmacia-orrius\/wp-json\/wp\/v2\/comments?post=2575"}],"version-history":[{"count":3,"href":"https:\/\/agora.xtec.cat\/ceipfmacia-orrius\/wp-json\/wp\/v2\/posts\/2575\/revisions"}],"predecessor-version":[{"id":2637,"href":"https:\/\/agora.xtec.cat\/ceipfmacia-orrius\/wp-json\/wp\/v2\/posts\/2575\/revisions\/2637"}],"wp:featuredmedia":[{"embeddable":true,"href":"https:\/\/agora.xtec.cat\/ceipfmacia-orrius\/wp-json\/wp\/v2\/media\/2576"}],"wp:attachment":[{"href":"https:\/\/agora.xtec.cat\/ceipfmacia-orrius\/wp-json\/wp\/v2\/media?parent=2575"}],"wp:term":[{"taxonomy":"category","embeddable":true,"href":"https:\/\/agora.xtec.cat\/ceipfmacia-orrius\/wp-json\/wp\/v2\/categories?post=2575"},{"taxonomy":"post_tag","embeddable":true,"href":"https:\/\/agora.xtec.cat\/ceipfmacia-orrius\/wp-json\/wp\/v2\/tags?post=2575"}],"curies":[{"name":"wp","href":"https:\/\/api.w.org\/{rel}","templated":true}]}}