{"id":2569,"date":"2022-03-11T19:35:51","date_gmt":"2022-03-11T18:35:51","guid":{"rendered":"https:\/\/agora.xtec.cat\/ceipfmacia-orrius\/?p=2569"},"modified":"2024-04-29T17:13:28","modified_gmt":"2024-04-29T15:13:28","slug":"protagonista-la-lluna","status":"publish","type":"post","link":"https:\/\/agora.xtec.cat\/ceipfmacia-orrius\/infantil\/maons\/protagonista-la-lluna\/","title":{"rendered":"Protagonista: la Lluna!"},"content":{"rendered":"<p>Aquesta setmana la Lluna de P3 ha estat la nostra protagonista! La Lluna ens ha portat la seva caixa dels tresors i ha muntat el seu bonic rac\u00f3 a l\u2019aula. La Lluna ha compartit la seva caixa amb tots nosaltres i tamb\u00e9 ha completat el seu llibre amb la cinta de mesura, les seves mans estampades, el seu nom decorat&#8230;Avui divendres la seva mare ha vingut a l\u2019escola i ha estat tota una sorpresa perqu\u00e8 la Gisela i la Lluna han vingut disfressades com la Peppa Pig! La Gisela ens ha explicat algunes coses de la Lluna i un conte molt bonic de la fam\u00edlia Pig! Tamb\u00e9 ens ha pintat la cara i despr\u00e9s ens ha ensenyat a fer una m\u00e0scara de la Peppa Pig que ens ha encantat! I \u00e9s que aquest \u00e9s el personatge preferit de la Lluna i el nostre tamb\u00e9!! Moltes gr\u00e0cies Gisela i Lluna, ens ha encantat aquesta activitat i ens ho hem passat molt b\u00e9! Aqu\u00ed teniu les fotos!<\/p>\n","protected":false},"excerpt":{"rendered":"<p>Aquesta setmana la Lluna de P3 ha estat la nostra protagonista! La Lluna ens ha portat la seva caixa dels tresors i ha muntat el seu bonic rac\u00f3 a l\u2019aula. La Lluna ha compartit la seva caixa amb tots nosaltres i tamb\u00e9 ha completat el&hellip;  <a href=\"https:\/\/agora.xtec.cat\/ceipfmacia-orrius\/infantil\/maons\/protagonista-la-lluna\/\" title=\"Read Protagonista: la Lluna!\">Llegeix m\u00e9s\u00bb<\/a><\/p>\n","protected":false},"author":17,"featured_media":2570,"comment_status":"open","ping_status":"closed","sticky":false,"template":"","format":"standard","meta":{"_bbp_topic_count":0,"_bbp_reply_count":0,"_bbp_total_topic_count":0,"_bbp_total_reply_count":0,"_bbp_voice_count":0,"_bbp_anonymous_reply_count":0,"_bbp_topic_count_hidden":0,"_bbp_reply_count_hidden":0,"_bbp_forum_subforum_count":0,"footnotes":""},"categories":[3],"tags":[],"class_list":["post-2569","post","type-post","status-publish","format-standard","has-post-thumbnail","hentry","category-maons"],"post_mailing_queue_ids":[],"_links":{"self":[{"href":"https:\/\/agora.xtec.cat\/ceipfmacia-orrius\/wp-json\/wp\/v2\/posts\/2569","targetHints":{"allow":["GET"]}}],"collection":[{"href":"https:\/\/agora.xtec.cat\/ceipfmacia-orrius\/wp-json\/wp\/v2\/posts"}],"about":[{"href":"https:\/\/agora.xtec.cat\/ceipfmacia-orrius\/wp-json\/wp\/v2\/types\/post"}],"author":[{"embeddable":true,"href":"https:\/\/agora.xtec.cat\/ceipfmacia-orrius\/wp-json\/wp\/v2\/users\/17"}],"replies":[{"embeddable":true,"href":"https:\/\/agora.xtec.cat\/ceipfmacia-orrius\/wp-json\/wp\/v2\/comments?post=2569"}],"version-history":[{"count":4,"href":"https:\/\/agora.xtec.cat\/ceipfmacia-orrius\/wp-json\/wp\/v2\/posts\/2569\/revisions"}],"predecessor-version":[{"id":3851,"href":"https:\/\/agora.xtec.cat\/ceipfmacia-orrius\/wp-json\/wp\/v2\/posts\/2569\/revisions\/3851"}],"wp:featuredmedia":[{"embeddable":true,"href":"https:\/\/agora.xtec.cat\/ceipfmacia-orrius\/wp-json\/wp\/v2\/media\/2570"}],"wp:attachment":[{"href":"https:\/\/agora.xtec.cat\/ceipfmacia-orrius\/wp-json\/wp\/v2\/media?parent=2569"}],"wp:term":[{"taxonomy":"category","embeddable":true,"href":"https:\/\/agora.xtec.cat\/ceipfmacia-orrius\/wp-json\/wp\/v2\/categories?post=2569"},{"taxonomy":"post_tag","embeddable":true,"href":"https:\/\/agora.xtec.cat\/ceipfmacia-orrius\/wp-json\/wp\/v2\/tags?post=2569"}],"curies":[{"name":"wp","href":"https:\/\/api.w.org\/{rel}","templated":true}]}}