{"id":2562,"date":"2022-03-25T18:25:20","date_gmt":"2022-03-25T17:25:20","guid":{"rendered":"https:\/\/agora.xtec.cat\/ceipfmacia-orrius\/?p=2562"},"modified":"2024-04-29T17:12:45","modified_gmt":"2024-04-29T15:12:45","slug":"protagonista-larlet-2","status":"publish","type":"post","link":"https:\/\/agora.xtec.cat\/ceipfmacia-orrius\/infantil\/maons\/protagonista-larlet-2\/","title":{"rendered":"Protagonista: l&#8217;Arlet!"},"content":{"rendered":"<p>Aquesta setmana l\u2019Arlet de P-5 ha estat la nostra protagonista! L\u2019Arlet ens ha portat la seva caixa dels tresors i ha muntat el seu rac\u00f3 a l\u2019aula. Tamb\u00e9 ens ha explicat el que ha portat i ho ha compartit amb nosaltres! Nosaltres l\u2019hem ajudat a completar el seu llibre: l\u2019hem mesurat, li hem pintat els peus i tamb\u00e9 li hem fet un dibuix d\u2019ella amb unes frases molt boniques perqu\u00e8 l\u2019estimem molt! Avui divendres el pare de l\u2019Arlet, en Francesc ha vingut a l\u2019escola per passar la tarda amb nosaltres i explicar-nos com \u00e9s la seva feina. En Francesc \u00e9s electricista i va per les cases a reparar tot el que s\u2019espatlla! Primer ens ha ensenyat totes les eines que porta a la motxilla i ens ha explicat per a qu\u00e8 serveixen! Ens ha agradat molt veure tots aquests estris! Despr\u00e9s en Francesc ens ha preparat una activitat relacionada amb el nostre projecte dels volcans! Hem dibuixat i pintat uns volcans i despr\u00e9s hem connectat el circu\u00eft el\u00e8ctric a unes piles per il\u2022luminar l\u2019erupci\u00f3 dels volcans! Ha estat fant\u00e0stic veure l\u2019efecte amb els llums de l\u2019aula apagats! Moltes gr\u00e0cies Francesc i Arlet! Ens ho hem passat molt b\u00e9 i hem apr\u00e8s moltes coses sobre la feina dels electricistes! Aqu\u00ed teniu les fotos!<\/p>\n","protected":false},"excerpt":{"rendered":"<p>Aquesta setmana l\u2019Arlet de P-5 ha estat la nostra protagonista! L\u2019Arlet ens ha portat la seva caixa dels tresors i ha muntat el seu rac\u00f3 a l\u2019aula. Tamb\u00e9 ens ha explicat el que ha portat i ho ha compartit amb nosaltres! Nosaltres l\u2019hem ajudat a&hellip;  <a href=\"https:\/\/agora.xtec.cat\/ceipfmacia-orrius\/infantil\/maons\/protagonista-larlet-2\/\" title=\"Read Protagonista: l&#8217;Arlet!\">Llegeix m\u00e9s\u00bb<\/a><\/p>\n","protected":false},"author":17,"featured_media":2563,"comment_status":"open","ping_status":"closed","sticky":false,"template":"","format":"standard","meta":{"_bbp_topic_count":0,"_bbp_reply_count":0,"_bbp_total_topic_count":0,"_bbp_total_reply_count":0,"_bbp_voice_count":0,"_bbp_anonymous_reply_count":0,"_bbp_topic_count_hidden":0,"_bbp_reply_count_hidden":0,"_bbp_forum_subforum_count":0,"footnotes":""},"categories":[3],"tags":[],"class_list":["post-2562","post","type-post","status-publish","format-standard","has-post-thumbnail","hentry","category-maons"],"post_mailing_queue_ids":[],"_links":{"self":[{"href":"https:\/\/agora.xtec.cat\/ceipfmacia-orrius\/wp-json\/wp\/v2\/posts\/2562","targetHints":{"allow":["GET"]}}],"collection":[{"href":"https:\/\/agora.xtec.cat\/ceipfmacia-orrius\/wp-json\/wp\/v2\/posts"}],"about":[{"href":"https:\/\/agora.xtec.cat\/ceipfmacia-orrius\/wp-json\/wp\/v2\/types\/post"}],"author":[{"embeddable":true,"href":"https:\/\/agora.xtec.cat\/ceipfmacia-orrius\/wp-json\/wp\/v2\/users\/17"}],"replies":[{"embeddable":true,"href":"https:\/\/agora.xtec.cat\/ceipfmacia-orrius\/wp-json\/wp\/v2\/comments?post=2562"}],"version-history":[{"count":4,"href":"https:\/\/agora.xtec.cat\/ceipfmacia-orrius\/wp-json\/wp\/v2\/posts\/2562\/revisions"}],"predecessor-version":[{"id":3849,"href":"https:\/\/agora.xtec.cat\/ceipfmacia-orrius\/wp-json\/wp\/v2\/posts\/2562\/revisions\/3849"}],"wp:featuredmedia":[{"embeddable":true,"href":"https:\/\/agora.xtec.cat\/ceipfmacia-orrius\/wp-json\/wp\/v2\/media\/2563"}],"wp:attachment":[{"href":"https:\/\/agora.xtec.cat\/ceipfmacia-orrius\/wp-json\/wp\/v2\/media?parent=2562"}],"wp:term":[{"taxonomy":"category","embeddable":true,"href":"https:\/\/agora.xtec.cat\/ceipfmacia-orrius\/wp-json\/wp\/v2\/categories?post=2562"},{"taxonomy":"post_tag","embeddable":true,"href":"https:\/\/agora.xtec.cat\/ceipfmacia-orrius\/wp-json\/wp\/v2\/tags?post=2562"}],"curies":[{"name":"wp","href":"https:\/\/api.w.org\/{rel}","templated":true}]}}