{"id":2549,"date":"2022-03-04T10:19:09","date_gmt":"2022-03-04T09:19:09","guid":{"rendered":"https:\/\/agora.xtec.cat\/ceipfmacia-orrius\/?p=2549"},"modified":"2022-10-27T15:19:46","modified_gmt":"2022-10-27T13:19:46","slug":"preinscripcio-2022-2023","status":"publish","type":"post","link":"https:\/\/agora.xtec.cat\/ceipfmacia-orrius\/general\/preinscripcio-2022-2023\/","title":{"rendered":"Preinscripci\u00f3 2022-2023 (actualitzat 22-06-2022)"},"content":{"rendered":"<p><strong><u>Documentaci\u00f3 que cal portar el dia de la matr\u00edcula P1-P2 Llar d\u2019infants per al curs 2022-2023<\/u><\/strong><\/p>\n<p><strong>.<\/strong> DNI de l\u2019alumne, si en te. Si no en te, DNI del tutor<\/p>\n<p><strong>.<\/strong> Llibre de Fam\u00edlia complet<\/p>\n<p><strong>.<\/strong> Padr\u00f3 (en el cas que l\u2019adre\u00e7a del DNI no sigui l\u2019actual)<\/p>\n<p><strong>.<\/strong> Targeta Sanit\u00e0ria Individual<\/p>\n<p><strong>.<\/strong> Llibre de vacunes<\/p>\n<p><strong>Original i fotoc\u00f2pia de tota la documentaci\u00f3<\/strong><\/p>\n<p>Cal demanar dia i hora per a la matriculaci\u00f3 al seg\u00fcent enlla\u00e7: <a href=\"https:\/\/docs.google.com\/spreadsheets\/d\/1MbIbT0AJqs1cPWXQ9hnsHNlpUpcKUUv66gc9E5wm3MY\/edit?usp=sharing\"><strong><u>clica aqu\u00ed<\/u><\/strong><\/a><\/p>\n<p>&nbsp;<\/p>\n<p><strong><u>Documentaci\u00f3 que cal portar el dia de la matr\u00edcula d\u2019educaci\u00f3 Infantil i Educaci\u00f3 Prim\u00e0ria per al curs 2022-2023<\/u><\/strong><\/p>\n<p><strong>.<\/strong> DNI de l\u2019alumne, si en te. Si no en te, DNI del tutor<\/p>\n<p><strong>.<\/strong> Llibre de Fam\u00edlia complet<\/p>\n<p><strong>.<\/strong> Padr\u00f3 (en el cas que l\u2019adre\u00e7a del DNI no sigui l\u2019actual)<\/p>\n<p><strong>.<\/strong> Targeta Sanit\u00e0ria Individual<\/p>\n<p><strong>.<\/strong> Llibre de vacunes<\/p>\n<p><strong>Original i fotoc\u00f2pia de tota la documentaci\u00f3<\/strong><\/p>\n<p>Cal demanar dia i hora per a la matriculaci\u00f3 al seg\u00fcent enlla\u00e7: <a href=\"https:\/\/docs.google.com\/spreadsheets\/d\/1Vkfh_i6HDE5NhGYcJgYeFEZkuAd6HFswS0U0K0JDs4o\/edit?usp=sharing\"><strong><u>clica aqu\u00ed<\/u><\/strong><\/a><\/p>\n<p>&nbsp;<\/p>\n<p><strong>Publicaci\u00f3 llistat definitiu Llar d&#8217;infants 2022-2023<\/strong><\/p>\n<p><a href=\"https:\/\/drive.google.com\/file\/d\/1TGzjm5mJN_bpIQ5bCewe3r90Tq2wUoi3\/view?usp=sharing\"><strong>Publicaci\u00f3 de la llista d&#8217;espera del centre<\/strong><\/a><\/p>\n<p><a href=\"https:\/\/drive.google.com\/file\/d\/1dw7BZqy-zy46lXucd4uZZq6Uhvv3UaeD\/view?usp=sharing\"><strong>Alumnes assignats al centre amb indicaci\u00f3 de la primera petici\u00f3<\/strong><\/a><\/p>\n<p><a href=\"https:\/\/drive.google.com\/file\/d\/10Ta655LLOEcAwfFWKg6YNJx-JuNmxH9_\/view?usp=sharing\"><strong><u>Publicaci\u00f3 de la llista de sol\u00b7licituds Llar d&#8217;infants 2022-2023 amb la puntuaci\u00f3<\/u><\/strong><\/a><\/p>\n<p><strong><u>Calendari Preinscripci\u00f3 i Matr\u00edcula P1-P2 Llar d\u2019infants per al curs 2022-2023<\/u><\/strong><\/p>\n<ul>\n<li>Publicaci\u00f3 llistat puntuaci\u00f3 provisional: 10 juny de 2022<\/li>\n<li>Per\u00edode reclamacions: del 10 al 17 juny de 2022<\/li>\n<li>Publicaci\u00f3 llistat definitiu un cop resoltes les reclamacions: 20 juny de 2022<\/li>\n<li>Sorteig (si escau): 20 juny de 2022<\/li>\n<li>Matr\u00edcula Llar d\u2019infants: 29 juny de 2022<\/li>\n<\/ul>\n<div>\n<p><strong style=\"font-family: inherit; font-size: 1em;\"><a href=\"https:\/\/drive.google.com\/file\/d\/1m5HAbWAWRJYOVyKbHcl1DBtD4NOCytXB\/view?usp=sharing\">Publicaci\u00f3 de la llista ordenada per a educaci\u00f3 infantil de 2n cicle i prim\u00e0ria<\/a><\/strong><\/p>\n<\/div>\n<h3><a href=\"https:\/\/preinscripcio.gencat.cat\/\">Preinscripci\u00f3 a l&#8217;educaci\u00f3 infantil (3-6 anys), educaci\u00f3 prim\u00e0ria, educaci\u00f3 secund\u00e0ria obligat\u00f2ria<\/a><\/h3>\n<p>1.013, n\u00famero per determinar l\u2019ordre en cas d\u2019empat (n\u00fameros assignats: 139.769)<\/p>\n<h2 id=\"h22\"><a href=\"https:\/\/drive.google.com\/file\/d\/1CrDzPyxFSwCjy3fmNriEw__iNZ_aXq3f\/view?usp=sharing\">Llista de sol\u00b7licituds de preinscripci\u00f3 al centre amb la puntuaci\u00f3, un cop resoltes les reclamacions\u200b<\/a><\/h2>\n<h3 style=\"background: white; margin: 2.4pt 0cm 6.0pt 0cm;\"><span style=\"text-decoration: underline;\"><strong><a href=\"https:\/\/agora.xtec.cat\/ceipfmacia-orrius\/wp-content\/uploads\/usu2067\/2022\/03\/INFORME_BAREM_PROVISIONAL_BAREM.pdf\">Llista de sol\u00b7licituds que han demanat el centre i l&#8217;ensenyament en primera petici\u00f3 amb la puntuaci\u00f3 provisional<\/a><\/strong><\/span><\/h3>\n<h3 style=\"background: white; margin: 2.4pt 0cm 6.0pt 0cm;\"><strong><span style=\"text-decoration: underline;\"><a href=\"https:\/\/drive.google.com\/file\/d\/1xPjFle_tkYRNaG-aKmwhl9UMEaxs8FbF\/view?usp=sharing\"><span style=\"font-size: 16.5pt; font-family: Arial, 'sans-serif'; color: #087eb6;\"><span style=\"color: #2795b6; text-decoration: underline;\">Oferta de places escolars 22-23<\/span><\/span><\/a><\/span><\/strong><\/h3>\n<h3 style=\"background: white; margin: 2.4pt 0cm 6.0pt 0cm;\"><span style=\"text-decoration: underline;\"><span style=\"font-size: 16.0pt;\"><a href=\"http:\/\/mapaescolar.gencat.cat\/\"><strong><span style=\"font-family: Arial, 'sans-serif'; color: #087eb6; text-decoration: underline;\">Acc\u00e9s al mapa escolar de Catalunya<\/span><\/strong><\/a><\/span><\/span><\/h3>\n<p style=\"background: white; margin: 0cm 0cm 15.0pt 0cm;\"><span style=\"font-size: 11.0pt; font-family: 'Arial','sans-serif'; color: #444444;\">(posar codi de centre 08022574 a la primera casella)<\/span><\/p>\n<h3 style=\"background: white; margin: 2.4pt 0cm 6.0pt 0cm;\"><span style=\"text-decoration: underline;\"><strong><span style=\"font-size: 16pt; font-family: Arial, 'sans-serif'; color: #087eb6; text-decoration: underline;\">Calendari de preinscripci\u00f3 del 7 al 21 de mar\u00e7<\/span><\/strong><\/span><\/h3>\n<p><a href=\"https:\/\/preinscripcio.gencat.cat\/ca\/estudis\/infantil-3-6\/preinscriute\/\">Acc\u00e9s al tr\u00e0mit telem\u00e0tic<\/a><strong>\u00a0<\/strong>(a partir del 7 de mar\u00e7 a les 9 hores), tota la tramitaci\u00f3 i entrega de documentaci\u00f3 es far\u00e0 de forma telem\u00e0tica. En cas que tingueu dubtes podeu consultar l<a href=\"https:\/\/preinscripcio.gencat.cat\/ca\/estudis\/infantil-3-6\/preinscriute\/dubtes\/\">a web del departament<\/a>\u00a0o posar-vos en contacte amb l\u2019escola (escola@escolaorrius.cat, 937970006).<\/p>\n<p>L\u2019aplicaci\u00f3 de preinscripci\u00f3 tancar\u00e0 a les dotze de la nit del dia 21 de mar\u00e7.<\/p>\n<p>Calendari:<\/p>\n<ul>\n<li>Presentaci\u00f3 de sol\u00b7licituds: del 7 al 21 de mar\u00e7 del 2022<\/li>\n<li>Presentaci\u00f3 de documentaci\u00f3 (que no s\u2019hagi pogut adjuntar): 22 i 23 de mar\u00e7 del 2022<\/li>\n<li>Llista amb puntuaci\u00f3 provisional: 21 d\u2019abril del 2022<\/li>\n<li>Presentaci\u00f3 de reclamacions: del 22 al 28 d\u2019abril del 2022<\/li>\n<li>Llista de sol\u00b7licituds amb la puntuaci\u00f3 un cop resoltes les reclamacions: 3 de maig del 2022<\/li>\n<li>Sorteig del n\u00famero de desempat: 9 de maig del 2022<\/li>\n<li>Llista ordenada definitiva: 11 de maig del 2022<\/li>\n<li>Ampliaci\u00f3 de petici\u00f3 de centres per a les sol\u00b7licituds que no han obtingut cap assignaci\u00f3 (assignaci\u00f3 d\u2019ofici): del 27 de maig a l\u20191 de juny del 2022<\/li>\n<li>Oferta final de places escolars: 9 de juny del 2022<\/li>\n<li>Llista d\u2019alumnes d\u2019admesos i llista d\u2019espera: 10 de juny del 2022<\/li>\n<li>Matr\u00edcula:\u00a0 27 de juny del 2022<\/li>\n<\/ul>\n<h3><u><a href=\"http:\/\/queestudiar.gencat.cat\/ca\/preinscripcio\/estudis\/obligatoris\/\">Web del departament amb tota la informaci\u00f3<\/a><\/u><\/h3>\n<h3><\/h3>\n<h3><\/h3>\n","protected":false},"excerpt":{"rendered":"<p>Documentaci\u00f3 que cal portar el dia de la matr\u00edcula P1-P2 Llar d\u2019infants per al curs 2022-2023<br \/>\n. DNI de l\u2019alumne, si en te. Si no en te, DNI del tutor<br \/>\n. Llibre de Fam\u00edlia complet<br \/>\n. Padr\u00f3 (en el cas que l\u2019adre\u00e7a del DNI no sigui l\u2019actual)<br \/>\n. Targeta&hellip;  <a href=\"https:\/\/agora.xtec.cat\/ceipfmacia-orrius\/general\/preinscripcio-2022-2023\/\" title=\"Read Preinscripci\u00f3 2022-2023 (actualitzat 22-06-2022)\">Llegeix m\u00e9s\u00bb<\/a><\/p>\n","protected":false},"author":1,"featured_media":0,"comment_status":"open","ping_status":"closed","sticky":false,"template":"","format":"standard","meta":{"_bbp_topic_count":0,"_bbp_reply_count":0,"_bbp_total_topic_count":0,"_bbp_total_reply_count":0,"_bbp_voice_count":0,"_bbp_anonymous_reply_count":0,"_bbp_topic_count_hidden":0,"_bbp_reply_count_hidden":0,"_bbp_forum_subforum_count":0,"footnotes":""},"categories":[1,4],"tags":[],"class_list":["post-2549","post","type-post","status-publish","format-standard","hentry","category-general","category-portada"],"post_mailing_queue_ids":[],"_links":{"self":[{"href":"https:\/\/agora.xtec.cat\/ceipfmacia-orrius\/wp-json\/wp\/v2\/posts\/2549","targetHints":{"allow":["GET"]}}],"collection":[{"href":"https:\/\/agora.xtec.cat\/ceipfmacia-orrius\/wp-json\/wp\/v2\/posts"}],"about":[{"href":"https:\/\/agora.xtec.cat\/ceipfmacia-orrius\/wp-json\/wp\/v2\/types\/post"}],"author":[{"embeddable":true,"href":"https:\/\/agora.xtec.cat\/ceipfmacia-orrius\/wp-json\/wp\/v2\/users\/1"}],"replies":[{"embeddable":true,"href":"https:\/\/agora.xtec.cat\/ceipfmacia-orrius\/wp-json\/wp\/v2\/comments?post=2549"}],"version-history":[{"count":5,"href":"https:\/\/agora.xtec.cat\/ceipfmacia-orrius\/wp-json\/wp\/v2\/posts\/2549\/revisions"}],"predecessor-version":[{"id":2647,"href":"https:\/\/agora.xtec.cat\/ceipfmacia-orrius\/wp-json\/wp\/v2\/posts\/2549\/revisions\/2647"}],"wp:attachment":[{"href":"https:\/\/agora.xtec.cat\/ceipfmacia-orrius\/wp-json\/wp\/v2\/media?parent=2549"}],"wp:term":[{"taxonomy":"category","embeddable":true,"href":"https:\/\/agora.xtec.cat\/ceipfmacia-orrius\/wp-json\/wp\/v2\/categories?post=2549"},{"taxonomy":"post_tag","embeddable":true,"href":"https:\/\/agora.xtec.cat\/ceipfmacia-orrius\/wp-json\/wp\/v2\/tags?post=2549"}],"curies":[{"name":"wp","href":"https:\/\/api.w.org\/{rel}","templated":true}]}}