{"id":2535,"date":"2022-02-25T10:12:55","date_gmt":"2022-02-25T09:12:55","guid":{"rendered":"https:\/\/agora.xtec.cat\/ceipfmacia-orrius\/?p=2535"},"modified":"2022-07-28T17:46:42","modified_gmt":"2022-07-28T15:46:42","slug":"dijous-llarder","status":"publish","type":"post","link":"https:\/\/agora.xtec.cat\/ceipfmacia-orrius\/general\/dijous-llarder\/","title":{"rendered":"Dijous Llarder"},"content":{"rendered":"<p>Aquest dijous Llarder, tota l&#8217;escola, com \u00e9s tradici\u00f3, hem fet una excursi\u00f3 a Sant Bartomeu.<\/p>\n<p>Tots junts vam esmorzar butifarra d&#8217;ou i coca de llardons. M\u00e9s tard, els m\u00e9s grans, mandarines i lloros, van aprofitar per fer una ruta fins a les <a href=\"https:\/\/ca.wikipedia.org\/wiki\/Roca_Foradada_de_Can_Nadal\">Roques Foradades de Can Nadal<\/a>. La classe del foc va pujar fins el<a href=\"https:\/\/ca.wikipedia.org\/wiki\/Poblat_ib%C3%A8ric_del_Tur%C3%B3_de_C%C3%A9llecs\"> poblat ib\u00e8ric del tur\u00f3 de C\u00e9llecs<\/a> i els m\u00e9s petits van fer un taller de pintura al bosc.<\/p>\n<p>Va ser un dia fant\u00e0stic on petits, grans i mestres vam gaudir de la natura i la companyia! Gr\u00e0cies!<\/p>\n<p>Us deixem <a href=\"https:\/\/photos.app.goo.gl\/hprCvgrTRQWidCeN6\">aqu\u00ed<\/a> un petit recull de fotografies.<\/p>\n","protected":false},"excerpt":{"rendered":"<p>Aquest dijous Llarder, tota l&#8217;escola, com \u00e9s tradici\u00f3, hem fet una excursi\u00f3 a Sant Bartomeu.<br \/>\nTots junts vam esmorzar butifarra d&#8217;ou i coca de llardons. M\u00e9s tard, els m\u00e9s grans, mandarines i lloros, van aprofitar per fer una ruta fins a les <a href=\"https:\/\/ca.wikipedia.org\/wiki\/Roca_Foradada_de_Can_Nadal\">Roques Foradades de&hellip;  <a href=\"https:\/\/agora.xtec.cat\/ceipfmacia-orrius\/general\/dijous-llarder\/\" title=\"Read Dijous Llarder\">Llegeix m\u00e9s\u00bb<\/a><\/p>\n","protected":false},"author":29,"featured_media":2536,"comment_status":"open","ping_status":"closed","sticky":false,"template":"","format":"standard","meta":{"_bbp_topic_count":0,"_bbp_reply_count":0,"_bbp_total_topic_count":0,"_bbp_total_reply_count":0,"_bbp_voice_count":0,"_bbp_anonymous_reply_count":0,"_bbp_topic_count_hidden":0,"_bbp_reply_count_hidden":0,"_bbp_forum_subforum_count":0,"footnotes":""},"categories":[10,67,1,3,13,8,14,4],"tags":[],"class_list":["post-2535","post","type-post","status-publish","format-standard","has-post-thumbnail","hentry","category-anelles-olimpiques","category-festes","category-general","category-maons","category-mascotes-olimpiques","category-aquatics-infantil","category-porcs-senglars","category-portada"],"post_mailing_queue_ids":[],"_links":{"self":[{"href":"https:\/\/agora.xtec.cat\/ceipfmacia-orrius\/wp-json\/wp\/v2\/posts\/2535","targetHints":{"allow":["GET"]}}],"collection":[{"href":"https:\/\/agora.xtec.cat\/ceipfmacia-orrius\/wp-json\/wp\/v2\/posts"}],"about":[{"href":"https:\/\/agora.xtec.cat\/ceipfmacia-orrius\/wp-json\/wp\/v2\/types\/post"}],"author":[{"embeddable":true,"href":"https:\/\/agora.xtec.cat\/ceipfmacia-orrius\/wp-json\/wp\/v2\/users\/29"}],"replies":[{"embeddable":true,"href":"https:\/\/agora.xtec.cat\/ceipfmacia-orrius\/wp-json\/wp\/v2\/comments?post=2535"}],"version-history":[{"count":3,"href":"https:\/\/agora.xtec.cat\/ceipfmacia-orrius\/wp-json\/wp\/v2\/posts\/2535\/revisions"}],"predecessor-version":[{"id":2769,"href":"https:\/\/agora.xtec.cat\/ceipfmacia-orrius\/wp-json\/wp\/v2\/posts\/2535\/revisions\/2769"}],"wp:featuredmedia":[{"embeddable":true,"href":"https:\/\/agora.xtec.cat\/ceipfmacia-orrius\/wp-json\/wp\/v2\/media\/2536"}],"wp:attachment":[{"href":"https:\/\/agora.xtec.cat\/ceipfmacia-orrius\/wp-json\/wp\/v2\/media?parent=2535"}],"wp:term":[{"taxonomy":"category","embeddable":true,"href":"https:\/\/agora.xtec.cat\/ceipfmacia-orrius\/wp-json\/wp\/v2\/categories?post=2535"},{"taxonomy":"post_tag","embeddable":true,"href":"https:\/\/agora.xtec.cat\/ceipfmacia-orrius\/wp-json\/wp\/v2\/tags?post=2535"}],"curies":[{"name":"wp","href":"https:\/\/api.w.org\/{rel}","templated":true}]}}