{"id":2522,"date":"2022-02-23T10:49:47","date_gmt":"2022-02-23T09:49:47","guid":{"rendered":"https:\/\/agora.xtec.cat\/ceipfmacia-orrius\/?p=2522"},"modified":"2022-10-27T15:20:09","modified_gmt":"2022-10-27T13:20:09","slug":"portes-obertes-el-2-de-marc-del-2022","status":"publish","type":"post","link":"https:\/\/agora.xtec.cat\/ceipfmacia-orrius\/general\/portes-obertes-el-2-de-marc-del-2022\/","title":{"rendered":"Portes Obertes el 2 de mar\u00e7 del 2022"},"content":{"rendered":"<blockquote><p><a href=\"https:\/\/agora.xtec.cat\/ceipfmacia-orrius\/wp-content\/uploads\/usu2067\/2022\/02\/Cartell-2022-2-scaled.jpg\"><img loading=\"lazy\" decoding=\"async\" class=\"alignnone wp-image-2527\" src=\"https:\/\/agora.xtec.cat\/ceipfmacia-orrius\/wp-content\/uploads\/usu2067\/2022\/02\/Cartell-2022-2-300x138.jpg\" alt=\"\" width=\"617\" height=\"284\" srcset=\"https:\/\/agora.xtec.cat\/ceipfmacia-orrius\/wp-content\/uploads\/usu2067\/2022\/02\/Cartell-2022-2-300x138.jpg 300w, https:\/\/agora.xtec.cat\/ceipfmacia-orrius\/wp-content\/uploads\/usu2067\/2022\/02\/Cartell-2022-2-1024x473.jpg 1024w, https:\/\/agora.xtec.cat\/ceipfmacia-orrius\/wp-content\/uploads\/usu2067\/2022\/02\/Cartell-2022-2-768x354.jpg 768w, https:\/\/agora.xtec.cat\/ceipfmacia-orrius\/wp-content\/uploads\/usu2067\/2022\/02\/Cartell-2022-2-1536x709.jpg 1536w, https:\/\/agora.xtec.cat\/ceipfmacia-orrius\/wp-content\/uploads\/usu2067\/2022\/02\/Cartell-2022-2-2048x945.jpg 2048w\" sizes=\"auto, (max-width: 617px) 100vw, 617px\" \/><\/a><\/p>\n<p>&nbsp;<\/p>\n<p>Si us voleu informar b\u00e9 sobre el projecte del centre i poder-nos visitar, us convidem a <strong>les portes obertes que farem el proper dimecres 2 de mar\u00e7 a les 16:15.<\/strong><\/p>\n<p>Malauradament les restriccions per la pand\u00e8mia de la COVID&#8217;19 ens obliguen a fer-ho de forma diferents que com f\u00e8iem altres anys.<\/p>\n<p>Aix\u00ed doncs la visita ser\u00e0 fora de l&#8217;horari escolar, amb compliment de les normes de dist\u00e0ncia, higiene de mans i \u00fas de mascareta. I en grups de m\u00e0xim 10 persones, per lo qual us demanem que feu inscripci\u00f3\u00a0 pr\u00e8via al dia de la visita (<a href=\"https:\/\/forms.gle\/k2AWy1wsbsvPmUby8\">acc\u00e9s al formulari d&#8217;inscripci\u00f3<\/a>) i nom\u00e9s vingueu un dels dos progenitors.<\/p>\n<ul>\n<li>Dimecres, 2 de mar\u00e7.\n<ul>\n<li>16:15 Xerrada informativa (en espai exterior)<\/li>\n<li>17:15\u00a0Visita al centre<\/li>\n<\/ul>\n<\/li>\n<\/ul>\n<p>Durant les portes obertes <strong>podreu veure a les aules i<\/strong>\u00a0us informarem de Qui som? Qu\u00e8 fem? i Com ho fem? en una <strong>petita reuni\u00f3 informativa que comen\u00e7ar\u00e0 puntualment a l\u2019hora indicada.<\/strong><\/p>\n<p>Durant les Jornades de Portes Obertes intentarem resoldre tots els dubtes que tingueu i informar-vos de la <strong>singularitat del nostre Projecte Educatiu<\/strong>.<\/p>\n<p>En cas que no pugueu aquell dia o preferiu una reuni\u00f3 telem\u00e0tica poseu-vos igualment en contacte amb nosaltres i mirarem de fer-vos arribar la informaci\u00f3 d&#8217;alguna forma.<\/p>\n<p>M\u00e9s informaci\u00f3 de les preinscripcions a la <a href=\"https:\/\/preinscripcio.gencat.cat\/ca\/inici\">web del departament<\/a><\/p><\/blockquote>\n","protected":false},"excerpt":{"rendered":"<p><a href=\"https:\/\/agora.xtec.cat\/ceipfmacia-orrius\/wp-content\/uploads\/usu2067\/2022\/02\/Cartell-2022-2-scaled.jpg\"><\/a><br \/>\n&nbsp;<br \/>\nSi us voleu informar b\u00e9 sobre el projecte del centre i poder-nos visitar, us convidem a les portes obertes que farem el proper dimecres 2 de mar\u00e7 a les 16:15.<br \/>\nMalauradament les restriccions per la pand\u00e8mia de la COVID&#8217;19 ens obliguen a fer-ho de forma&hellip;  <a href=\"https:\/\/agora.xtec.cat\/ceipfmacia-orrius\/general\/portes-obertes-el-2-de-marc-del-2022\/\" title=\"Read Portes Obertes el 2 de mar\u00e7 del 2022\">Llegeix m\u00e9s\u00bb<\/a><\/p>\n","protected":false},"author":1,"featured_media":2527,"comment_status":"open","ping_status":"closed","sticky":false,"template":"","format":"standard","meta":{"_bbp_topic_count":0,"_bbp_reply_count":0,"_bbp_total_topic_count":0,"_bbp_total_reply_count":0,"_bbp_voice_count":0,"_bbp_anonymous_reply_count":0,"_bbp_topic_count_hidden":0,"_bbp_reply_count_hidden":0,"_bbp_forum_subforum_count":0,"footnotes":""},"categories":[1,4],"tags":[],"class_list":["post-2522","post","type-post","status-publish","format-standard","has-post-thumbnail","hentry","category-general","category-portada"],"post_mailing_queue_ids":[],"_links":{"self":[{"href":"https:\/\/agora.xtec.cat\/ceipfmacia-orrius\/wp-json\/wp\/v2\/posts\/2522","targetHints":{"allow":["GET"]}}],"collection":[{"href":"https:\/\/agora.xtec.cat\/ceipfmacia-orrius\/wp-json\/wp\/v2\/posts"}],"about":[{"href":"https:\/\/agora.xtec.cat\/ceipfmacia-orrius\/wp-json\/wp\/v2\/types\/post"}],"author":[{"embeddable":true,"href":"https:\/\/agora.xtec.cat\/ceipfmacia-orrius\/wp-json\/wp\/v2\/users\/1"}],"replies":[{"embeddable":true,"href":"https:\/\/agora.xtec.cat\/ceipfmacia-orrius\/wp-json\/wp\/v2\/comments?post=2522"}],"version-history":[{"count":3,"href":"https:\/\/agora.xtec.cat\/ceipfmacia-orrius\/wp-json\/wp\/v2\/posts\/2522\/revisions"}],"predecessor-version":[{"id":2533,"href":"https:\/\/agora.xtec.cat\/ceipfmacia-orrius\/wp-json\/wp\/v2\/posts\/2522\/revisions\/2533"}],"wp:featuredmedia":[{"embeddable":true,"href":"https:\/\/agora.xtec.cat\/ceipfmacia-orrius\/wp-json\/wp\/v2\/media\/2527"}],"wp:attachment":[{"href":"https:\/\/agora.xtec.cat\/ceipfmacia-orrius\/wp-json\/wp\/v2\/media?parent=2522"}],"wp:term":[{"taxonomy":"category","embeddable":true,"href":"https:\/\/agora.xtec.cat\/ceipfmacia-orrius\/wp-json\/wp\/v2\/categories?post=2522"},{"taxonomy":"post_tag","embeddable":true,"href":"https:\/\/agora.xtec.cat\/ceipfmacia-orrius\/wp-json\/wp\/v2\/tags?post=2522"}],"curies":[{"name":"wp","href":"https:\/\/api.w.org\/{rel}","templated":true}]}}