{"id":2516,"date":"2022-02-17T16:19:45","date_gmt":"2022-02-17T15:19:45","guid":{"rendered":"https:\/\/agora.xtec.cat\/ceipfmacia-orrius\/?p=2516"},"modified":"2022-07-28T17:55:36","modified_gmt":"2022-07-28T15:55:36","slug":"les-casetes-den-raki","status":"publish","type":"post","link":"https:\/\/agora.xtec.cat\/ceipfmacia-orrius\/ci\/les-casetes-den-raki\/","title":{"rendered":"Les casetes de&#8217;n Raki"},"content":{"rendered":"<p>Hola fam\u00edlies!<\/p>\n<p>La setmana passada ens va visitar de nou un extrany ratol\u00ed anomenat Raki. Aquest \u00e9s una mica entremeliat i sempre ens deixa notes i reptes per fer a classe d&#8217;art! Fins i tot, algunes vegades, ha modificat amb molta creativitat les activitats que tenien pensades les mestres!!<\/p>\n<p>L&#8217;altre dia ens va demanar si li podiem fer unes casetes per ell i pels seus amics ratolins&#8230; a veure si aix\u00ed ens visiten alguns m\u00e9s! Esperem que s\u00ed!<\/p>\n<p><a href=\"https:\/\/photos.app.goo.gl\/kiujY2VVNqeeobSK8\">Aqu\u00ed<\/a> us deixem un recull de fotografies!<\/p>\n","protected":false},"excerpt":{"rendered":"<p>Hola fam\u00edlies!<br \/>\nLa setmana passada ens va visitar de nou un extrany ratol\u00ed anomenat Raki. Aquest \u00e9s una mica entremeliat i sempre ens deixa notes i reptes per fer a classe d&#8217;art! Fins i tot, algunes vegades, ha modificat amb molta creativitat les activitats que tenien&hellip;  <a href=\"https:\/\/agora.xtec.cat\/ceipfmacia-orrius\/ci\/les-casetes-den-raki\/\" title=\"Read Les casetes de&#8217;n Raki\">Llegeix m\u00e9s\u00bb<\/a><\/p>\n","protected":false},"author":29,"featured_media":2517,"comment_status":"open","ping_status":"closed","sticky":false,"template":"","format":"standard","meta":{"_bbp_topic_count":0,"_bbp_reply_count":0,"_bbp_total_topic_count":0,"_bbp_total_reply_count":0,"_bbp_voice_count":0,"_bbp_anonymous_reply_count":0,"_bbp_topic_count_hidden":0,"_bbp_reply_count_hidden":0,"_bbp_forum_subforum_count":0,"footnotes":""},"categories":[10,73,5],"tags":[],"class_list":["post-2516","post","type-post","status-publish","format-standard","has-post-thumbnail","hentry","category-anelles-olimpiques","category-art","category-ci"],"post_mailing_queue_ids":[],"_links":{"self":[{"href":"https:\/\/agora.xtec.cat\/ceipfmacia-orrius\/wp-json\/wp\/v2\/posts\/2516","targetHints":{"allow":["GET"]}}],"collection":[{"href":"https:\/\/agora.xtec.cat\/ceipfmacia-orrius\/wp-json\/wp\/v2\/posts"}],"about":[{"href":"https:\/\/agora.xtec.cat\/ceipfmacia-orrius\/wp-json\/wp\/v2\/types\/post"}],"author":[{"embeddable":true,"href":"https:\/\/agora.xtec.cat\/ceipfmacia-orrius\/wp-json\/wp\/v2\/users\/29"}],"replies":[{"embeddable":true,"href":"https:\/\/agora.xtec.cat\/ceipfmacia-orrius\/wp-json\/wp\/v2\/comments?post=2516"}],"version-history":[{"count":2,"href":"https:\/\/agora.xtec.cat\/ceipfmacia-orrius\/wp-json\/wp\/v2\/posts\/2516\/revisions"}],"predecessor-version":[{"id":2772,"href":"https:\/\/agora.xtec.cat\/ceipfmacia-orrius\/wp-json\/wp\/v2\/posts\/2516\/revisions\/2772"}],"wp:featuredmedia":[{"embeddable":true,"href":"https:\/\/agora.xtec.cat\/ceipfmacia-orrius\/wp-json\/wp\/v2\/media\/2517"}],"wp:attachment":[{"href":"https:\/\/agora.xtec.cat\/ceipfmacia-orrius\/wp-json\/wp\/v2\/media?parent=2516"}],"wp:term":[{"taxonomy":"category","embeddable":true,"href":"https:\/\/agora.xtec.cat\/ceipfmacia-orrius\/wp-json\/wp\/v2\/categories?post=2516"},{"taxonomy":"post_tag","embeddable":true,"href":"https:\/\/agora.xtec.cat\/ceipfmacia-orrius\/wp-json\/wp\/v2\/tags?post=2516"}],"curies":[{"name":"wp","href":"https:\/\/api.w.org\/{rel}","templated":true}]}}